{"id":5687,"date":"2021-11-11T18:24:07","date_gmt":"2021-11-11T21:24:07","guid":{"rendered":"http:\/\/www.santaritadopassaquatro.sp.gov.br\/portal\/?p=5687"},"modified":"2021-11-11T18:24:07","modified_gmt":"2021-11-11T21:24:07","slug":"edital-de-convocacao","status":"publish","type":"post","link":"https:\/\/www.santaritadopassaquatro.sp.gov.br\/portal\/edital-de-convocacao\/","title":{"rendered":"EDITAL DE CONVOCA\u00c7\u00c3O"},"content":{"rendered":"<p style=\"text-align: center;\"><strong> <span class=\"fontstyle0\">ASSOCIA\u00c7\u00c3O DE PAIS, MESTRES E FUNCION\u00c1RIOS DA CRECHE MUNICIPAL DE<br \/>\nEDUCA\u00c7\u00c3O INFANTIL PROF\u00aa. \u201cCAMILA DE LELLIS SEREGHETTI\u201d<br \/>\nRUA ALCIDES DE FREITAS, S\/N\u00ba, VILA KENNEDY &#8211; CNPJ 24.777.689\/0001-23<br \/>\nSANTA RITA DO PASSA QUATRO\/SP \u2013 CEP 13670-000<\/span><\/strong><\/p>\n<p style=\"text-align: center;\"><span class=\"fontstyle0\"><br \/>\n<\/span><strong><span class=\"fontstyle0\">EDITAL DE CONVOCA\u00c7\u00c3O<\/span><\/strong><\/p>\n<p style=\"text-align: center;\"><strong><span class=\"fontstyle0\"><br \/>\nASSEMBLEIA GERAL ORDIN\u00c1RIA<\/span><\/strong><\/p>\n<p><span class=\"fontstyle0\"><br \/>\n<\/span><span class=\"fontstyle2\">A Presidente do Conselho Deliberativo da ASSOCIA\u00c7\u00c3O DE PAIS, MESTRES E FUNCION\u00c1RIOS DA CRECHE MUNICIPAL DE EDUCA\u00c7\u00c3O INFANTIL PROF\u00aa. \u201cCAMILA DE LELLIS SEREGHETTI\u201d, Ana Maria Avenoso, convoca todos os associados da APM para comparecerem \u00e0 Assembleia Geral Ordin\u00e1ria que far\u00e1 realizar na sede da Associa\u00e7\u00e3o, situada a Rua Alcides de Freitas, s\/n\u00ba, Vila Kennedy, na cidade de Santa Rita do Passa Quatro, Estado de S\u00e3o Paulo, no dia 19 (dezenove) de novembro de 2021, em primeira convoca\u00e7\u00e3o \u00e0s 19 (dezenove) horas, com a presen\u00e7a de mais da metade dos s\u00f3cios, ou, em segunda convoca\u00e7\u00e3o, \u00e0s 20 (vinte) horas com qualquer n\u00famero de associados, para <\/span><span class=\"fontstyle2\">tratar da seguinte:<\/span><\/p>\n<p><strong><span class=\"fontstyle2\"><br \/>\n<\/span><span class=\"fontstyle0\">ORDEM DO DIA<\/span><\/strong><\/p>\n<p><span class=\"fontstyle0\"><br \/>\n<\/span><span class=\"fontstyle2\">1 \u2013 Altera\u00e7\u00e3o do Estatuto Social<\/span><\/p>\n<p><span class=\"fontstyle2\"><br \/>\n2 \u2013 Elei\u00e7\u00e3o dos membros do Conselho Deliberativo, do Conselho fiscal e da Diretoria<br \/>\nExecutiva<\/span><\/p>\n<p>&nbsp;<\/p>\n<p style=\"text-align: right;\"><span class=\"fontstyle2\"><br \/>\nSanta Rita do Passa Quatro, 14 de Novembro de 2021<\/span><\/p>\n<p style=\"text-align: right;\"><span class=\"fontstyle2\"><br \/>\n____________________________________________<br \/>\nAna Maria Avenoso<br \/>\nPresidente do Conselho Deliberativo<br \/>\nRG: 13.989.786-0<\/span><\/p>\n","protected":false},"excerpt":{"rendered":"<p>ASSOCIA\u00c7\u00c3O DE PAIS, MESTRES E FUNCION\u00c1RIOS DA CRECHE MUNICIPAL DE EDUCA\u00c7\u00c3O INFANTIL PROF\u00aa. \u201cCAMILA DE LELLIS SEREGHETTI\u201d RUA ALCIDES DE<\/p>\n","protected":false},"author":1,"featured_media":0,"comment_status":"closed","ping_status":"open","sticky":false,"template":"","format":"standard","meta":{"footnotes":""},"categories":[28],"tags":[],"class_list":["post-5687","post","type-post","status-publish","format-standard","hentry","category-educacao"],"_links":{"self":[{"href":"https:\/\/www.santaritadopassaquatro.sp.gov.br\/portal\/wp-json\/wp\/v2\/posts\/5687","targetHints":{"allow":["GET"]}}],"collection":[{"href":"https:\/\/www.santaritadopassaquatro.sp.gov.br\/portal\/wp-json\/wp\/v2\/posts"}],"about":[{"href":"https:\/\/www.santaritadopassaquatro.sp.gov.br\/portal\/wp-json\/wp\/v2\/types\/post"}],"author":[{"embeddable":true,"href":"https:\/\/www.santaritadopassaquatro.sp.gov.br\/portal\/wp-json\/wp\/v2\/users\/1"}],"replies":[{"embeddable":true,"href":"https:\/\/www.santaritadopassaquatro.sp.gov.br\/portal\/wp-json\/wp\/v2\/comments?post=5687"}],"version-history":[{"count":2,"href":"https:\/\/www.santaritadopassaquatro.sp.gov.br\/portal\/wp-json\/wp\/v2\/posts\/5687\/revisions"}],"predecessor-version":[{"id":5689,"href":"https:\/\/www.santaritadopassaquatro.sp.gov.br\/portal\/wp-json\/wp\/v2\/posts\/5687\/revisions\/5689"}],"wp:attachment":[{"href":"https:\/\/www.santaritadopassaquatro.sp.gov.br\/portal\/wp-json\/wp\/v2\/media?parent=5687"}],"wp:term":[{"taxonomy":"category","embeddable":true,"href":"https:\/\/www.santaritadopassaquatro.sp.gov.br\/portal\/wp-json\/wp\/v2\/categories?post=5687"},{"taxonomy":"post_tag","embeddable":true,"href":"https:\/\/www.santaritadopassaquatro.sp.gov.br\/portal\/wp-json\/wp\/v2\/tags?post=5687"}],"curies":[{"name":"wp","href":"https:\/\/api.w.org\/{rel}","templated":true}]}}