{"id":5691,"date":"2021-11-24T10:11:05","date_gmt":"2021-11-24T13:11:05","guid":{"rendered":"http:\/\/www.santaritadopassaquatro.sp.gov.br\/portal\/?p=5691"},"modified":"2021-11-24T10:12:25","modified_gmt":"2021-11-24T13:12:25","slug":"edital-de-convocacao-2","status":"publish","type":"post","link":"https:\/\/www.santaritadopassaquatro.sp.gov.br\/portal\/edital-de-convocacao-2\/","title":{"rendered":"EDITAL DE CONVOCA\u00c7\u00c3O"},"content":{"rendered":"<p style=\"text-align: center;\"><span class=\"fontstyle0\">ASSOCIA\u00c7\u00c3O DE PAIS, MESTRES E FUNCION\u00c1RIOS DA CRECHE MUNICIPAL<br \/>\nANA MARDEGAN SCORSOLINI<\/span><\/p>\n<p style=\"text-align: center;\"><span class=\"fontstyle0\"><br \/>\nCNPJ 25.007.497\/0001-09<br \/>\n<\/span><\/p>\n<p style=\"text-align: center;\"><span class=\"fontstyle0\">RUA CAETANO BARIONE N\u00ba. 372 \u2013 BAIRRO VILA SANTA MARIA<br \/>\nSANTA RITA DO PASSA QUATRO\/SP \u2013 CEP 13670-000<br \/>\n<\/span><\/p>\n<p>&nbsp;<\/p>\n<p style=\"text-align: center;\"><strong><span class=\"fontstyle0\">EDITAL DE CONVOCA\u00c7\u00c3O<br \/>\n<\/span><\/strong><\/p>\n<p>&nbsp;<\/p>\n<p style=\"text-align: center;\"><span class=\"fontstyle0\"><strong>ASSEMBLEIA GERAL ORDIN\u00c1RIA<\/strong><br \/>\n<\/span><\/p>\n<p>&nbsp;<\/p>\n<p style=\"text-align: left;\"><span class=\"fontstyle2\">A Presidente do Conselho Deliberativo da Creche Municipal \u201cAna Mardegan Scorsolini\u201d, Carolina Scrivano Le\u00e3o de Oliveira, convoca todos os associados da APMF para comparecerem \u00e0 Assembleia Geral Ordin\u00e1ria que far\u00e1 realizar na sede da Associa\u00e7\u00e3o, situada a Rua Caetano Barione, n\u00ba. 372 \u2013 Bairro Vila Santa Maria \u2013 na cidade de Santa Rita do Passa Quatro, Estado de S\u00e3o Paulo, no dia 30 (trinta) de novembro de 2021, em primeira convoca\u00e7\u00e3o \u00e0s dezenove e trinta horas, com a presen\u00e7a de mais da metade dos s\u00f3cios, ou, em segunda convoca\u00e7\u00e3o, \u00e0s vinte horas com qualquer n\u00famero de associados, para tratar da seguinte:<\/span><\/p>\n<p style=\"text-align: center;\"><span class=\"fontstyle2\"><br \/>\n<\/span><strong><span class=\"fontstyle0\">ORDEM DO DIA<\/span><\/strong><\/p>\n<p style=\"text-align: center;\"><strong><span class=\"fontstyle0\"><br \/>\n<\/span><span class=\"fontstyle2\">1 \u2013 Altera\u00e7\u00e3o do Estatuto Social<\/span><\/strong><\/p>\n<p style=\"text-align: center;\"><strong><span class=\"fontstyle2\"><br \/>\n2 \u2013 Elei\u00e7\u00e3o dos membros do Conselho Deliberativo, do Conselho fiscal e da Diretoria<br \/>\nExecutiva<\/span><\/strong><\/p>\n<p>&nbsp;<\/p>\n<p style=\"text-align: right;\"><span class=\"fontstyle2\"><br \/>\nSanta Rita do Passa Quatro, 24 de novembro de 2021<\/span><\/p>\n<p>&nbsp;<\/p>\n<p>Baixe o edital no link: <a href=\"http:\/\/www.santaritadopassaquatro.sp.gov.br\/portal\/wp-content\/uploads\/2021\/11\/publica\u00e7\u00e3o.pdf\" target=\"_blank\" rel=\"noopener\">EDITAL publica\u00e7\u00e3o<\/a><\/p>\n","protected":false},"excerpt":{"rendered":"<p>ASSOCIA\u00c7\u00c3O DE PAIS, MESTRES E FUNCION\u00c1RIOS DA CRECHE MUNICIPAL ANA MARDEGAN SCORSOLINI CNPJ 25.007.497\/0001-09 RUA CAETANO BARIONE N\u00ba. 372 \u2013<\/p>\n","protected":false},"author":1,"featured_media":0,"comment_status":"closed","ping_status":"open","sticky":false,"template":"","format":"standard","meta":{"footnotes":""},"categories":[28],"tags":[],"class_list":["post-5691","post","type-post","status-publish","format-standard","hentry","category-educacao"],"_links":{"self":[{"href":"https:\/\/www.santaritadopassaquatro.sp.gov.br\/portal\/wp-json\/wp\/v2\/posts\/5691","targetHints":{"allow":["GET"]}}],"collection":[{"href":"https:\/\/www.santaritadopassaquatro.sp.gov.br\/portal\/wp-json\/wp\/v2\/posts"}],"about":[{"href":"https:\/\/www.santaritadopassaquatro.sp.gov.br\/portal\/wp-json\/wp\/v2\/types\/post"}],"author":[{"embeddable":true,"href":"https:\/\/www.santaritadopassaquatro.sp.gov.br\/portal\/wp-json\/wp\/v2\/users\/1"}],"replies":[{"embeddable":true,"href":"https:\/\/www.santaritadopassaquatro.sp.gov.br\/portal\/wp-json\/wp\/v2\/comments?post=5691"}],"version-history":[{"count":3,"href":"https:\/\/www.santaritadopassaquatro.sp.gov.br\/portal\/wp-json\/wp\/v2\/posts\/5691\/revisions"}],"predecessor-version":[{"id":5695,"href":"https:\/\/www.santaritadopassaquatro.sp.gov.br\/portal\/wp-json\/wp\/v2\/posts\/5691\/revisions\/5695"}],"wp:attachment":[{"href":"https:\/\/www.santaritadopassaquatro.sp.gov.br\/portal\/wp-json\/wp\/v2\/media?parent=5691"}],"wp:term":[{"taxonomy":"category","embeddable":true,"href":"https:\/\/www.santaritadopassaquatro.sp.gov.br\/portal\/wp-json\/wp\/v2\/categories?post=5691"},{"taxonomy":"post_tag","embeddable":true,"href":"https:\/\/www.santaritadopassaquatro.sp.gov.br\/portal\/wp-json\/wp\/v2\/tags?post=5691"}],"curies":[{"name":"wp","href":"https:\/\/api.w.org\/{rel}","templated":true}]}}