{"id":5737,"date":"2021-12-04T09:22:05","date_gmt":"2021-12-04T12:22:05","guid":{"rendered":"http:\/\/www.santaritadopassaquatro.sp.gov.br\/portal\/?p=5737"},"modified":"2021-12-04T09:22:05","modified_gmt":"2021-12-04T12:22:05","slug":"meio-ambiente-esteve-presente-na-usina-santa-rita-para-conhecer-o-viveiro-de-mudas-nativas-do-local","status":"publish","type":"post","link":"https:\/\/www.santaritadopassaquatro.sp.gov.br\/portal\/meio-ambiente-esteve-presente-na-usina-santa-rita-para-conhecer-o-viveiro-de-mudas-nativas-do-local\/","title":{"rendered":"Meio Ambiente esteve presente na Usina Santa Rita para conhecer o Viveiro de Mudas Nativas do local."},"content":{"rendered":"<p>No dia 01 de dezembro de 2021, o Departamento de Agricultura e Meio Ambiente esteve presente na Usina Santa Rita para conhecer o Viveiro de Mudas Nativas do local.<\/p>\n<p>&nbsp;<\/p>\n<p>Durante a visita foi firmada uma parceria entre a Prefeitura Municipal e a empresa que v\u00eam desenvolvendo a\u00e7\u00f5es em prol do meio ambiente, como o aux\u00edlio t\u00e9cnico no Viveiro de Mudas, coleta de sementes, troca de mudas, plantios de \u00e1reas de preserva\u00e7\u00e3o permanente e a\u00e7\u00f5es de educa\u00e7\u00e3o ambiental.<\/p>\n<p>Estiveram participando da visita o Diretor do Departamento de Agricultura e Meio Ambiente germano Quaglio e o funcion\u00e1rio Benedito de Souza Lopes Neto e os funcion\u00e1rios da Usina Santa Rita Fabrizzio Girotto e Eder Fabiano Minato.<\/p>\n<p style=\"text-align: center;\"><img decoding=\"async\" class=\"aligncenter size-large wp-image-5740\" src=\"http:\/\/www.santaritadopassaquatro.sp.gov.br\/portal\/wp-content\/uploads\/2021\/12\/viveiro2-1024x768.jpg\" alt=\"\" width=\"800\" height=\"600\" srcset=\"https:\/\/www.santaritadopassaquatro.sp.gov.br\/portal\/wp-content\/uploads\/2021\/12\/viveiro2-1024x768.jpg 1024w, https:\/\/www.santaritadopassaquatro.sp.gov.br\/portal\/wp-content\/uploads\/2021\/12\/viveiro2-300x225.jpg 300w, https:\/\/www.santaritadopassaquatro.sp.gov.br\/portal\/wp-content\/uploads\/2021\/12\/viveiro2-768x576.jpg 768w, https:\/\/www.santaritadopassaquatro.sp.gov.br\/portal\/wp-content\/uploads\/2021\/12\/viveiro2.jpg 1280w\" sizes=\"(max-width: 800px) 100vw, 800px\" \/> <img decoding=\"async\" class=\"aligncenter size-large wp-image-5739\" src=\"http:\/\/www.santaritadopassaquatro.sp.gov.br\/portal\/wp-content\/uploads\/2021\/12\/viveiro1-1024x768.jpg\" alt=\"\" width=\"800\" height=\"600\" srcset=\"https:\/\/www.santaritadopassaquatro.sp.gov.br\/portal\/wp-content\/uploads\/2021\/12\/viveiro1-1024x768.jpg 1024w, https:\/\/www.santaritadopassaquatro.sp.gov.br\/portal\/wp-content\/uploads\/2021\/12\/viveiro1-300x225.jpg 300w, https:\/\/www.santaritadopassaquatro.sp.gov.br\/portal\/wp-content\/uploads\/2021\/12\/viveiro1-768x576.jpg 768w, https:\/\/www.santaritadopassaquatro.sp.gov.br\/portal\/wp-content\/uploads\/2021\/12\/viveiro1.jpg 1280w\" sizes=\"(max-width: 800px) 100vw, 800px\" \/><\/p>\n","protected":false},"excerpt":{"rendered":"<p>No dia 01 de dezembro de 2021, o Departamento de Agricultura e Meio Ambiente esteve presente na Usina Santa Rita<\/p>\n","protected":false},"author":1,"featured_media":5738,"comment_status":"closed","ping_status":"open","sticky":false,"template":"","format":"standard","meta":{"footnotes":""},"categories":[53],"tags":[],"class_list":["post-5737","post","type-post","status-publish","format-standard","has-post-thumbnail","hentry","category-meio-ambiente"],"_links":{"self":[{"href":"https:\/\/www.santaritadopassaquatro.sp.gov.br\/portal\/wp-json\/wp\/v2\/posts\/5737","targetHints":{"allow":["GET"]}}],"collection":[{"href":"https:\/\/www.santaritadopassaquatro.sp.gov.br\/portal\/wp-json\/wp\/v2\/posts"}],"about":[{"href":"https:\/\/www.santaritadopassaquatro.sp.gov.br\/portal\/wp-json\/wp\/v2\/types\/post"}],"author":[{"embeddable":true,"href":"https:\/\/www.santaritadopassaquatro.sp.gov.br\/portal\/wp-json\/wp\/v2\/users\/1"}],"replies":[{"embeddable":true,"href":"https:\/\/www.santaritadopassaquatro.sp.gov.br\/portal\/wp-json\/wp\/v2\/comments?post=5737"}],"version-history":[{"count":1,"href":"https:\/\/www.santaritadopassaquatro.sp.gov.br\/portal\/wp-json\/wp\/v2\/posts\/5737\/revisions"}],"predecessor-version":[{"id":5741,"href":"https:\/\/www.santaritadopassaquatro.sp.gov.br\/portal\/wp-json\/wp\/v2\/posts\/5737\/revisions\/5741"}],"wp:featuredmedia":[{"embeddable":true,"href":"https:\/\/www.santaritadopassaquatro.sp.gov.br\/portal\/wp-json\/wp\/v2\/media\/5738"}],"wp:attachment":[{"href":"https:\/\/www.santaritadopassaquatro.sp.gov.br\/portal\/wp-json\/wp\/v2\/media?parent=5737"}],"wp:term":[{"taxonomy":"category","embeddable":true,"href":"https:\/\/www.santaritadopassaquatro.sp.gov.br\/portal\/wp-json\/wp\/v2\/categories?post=5737"},{"taxonomy":"post_tag","embeddable":true,"href":"https:\/\/www.santaritadopassaquatro.sp.gov.br\/portal\/wp-json\/wp\/v2\/tags?post=5737"}],"curies":[{"name":"wp","href":"https:\/\/api.w.org\/{rel}","templated":true}]}}