{"id":5750,"date":"2021-12-10T07:33:01","date_gmt":"2021-12-10T10:33:01","guid":{"rendered":"http:\/\/www.santaritadopassaquatro.sp.gov.br\/portal\/?p=5750"},"modified":"2021-12-10T07:33:01","modified_gmt":"2021-12-10T10:33:01","slug":"departamento-de-agricultura-e-meio-ambiente-finaliza-curso-de-educacao-ambiental-em-parceria-com-universidades","status":"publish","type":"post","link":"https:\/\/www.santaritadopassaquatro.sp.gov.br\/portal\/departamento-de-agricultura-e-meio-ambiente-finaliza-curso-de-educacao-ambiental-em-parceria-com-universidades\/","title":{"rendered":"DEPARTAMENTO DE AGRICULTURA E MEIO AMBIENTE FINALIZA CURSO DE EDUCA\u00c7\u00c3O AMBIENTAL EM PARCERIA COM UNIVERSIDADES"},"content":{"rendered":"<p>No dia 08 de dezembro de 2021, o Departamento de Agricultura e Meio Ambiente, em parceria com a Universidade Federal de S\u00e3o Carlos (UFSCar), Universidade de S\u00e3o Paulo (USP), Instituto de Pesquisas Ambientais (IPA) e o Parque Estadual de Vassununga (PEV), finalizaram o curso &#8220;Educa\u00e7\u00e3o Ambiental e a import\u00e2ncia da Conserva\u00e7\u00e3o do Cerrado Paulista&#8221;.<\/p>\n<p>Com a pr\u00e1tica na Trilha Ecol\u00f3gica Interpretativa do Parque Estadual de Vassununga, na gleba \u201cP\u00e9 de Gigante\u201d, onde encontra-se a maior \u00e1rea do Parque, de bioma Cerrado, \u00e9 chamado P\u00e9-de-Gigante devido a uma enorme depress\u00e3o, que vista do alto, remete \u00e0 forma da pegada de um gigante.<\/p>\n<p>#Meioambiente #santarita #ParqueVassununga<\/p>\n<p style=\"text-align: center;\"><img decoding=\"async\" class=\"aligncenter size-large wp-image-5753\" src=\"http:\/\/www.santaritadopassaquatro.sp.gov.br\/portal\/wp-content\/uploads\/2021\/12\/curso_ambiental3-1024x461.jpg\" alt=\"\" width=\"800\" height=\"360\" srcset=\"https:\/\/www.santaritadopassaquatro.sp.gov.br\/portal\/wp-content\/uploads\/2021\/12\/curso_ambiental3-1024x461.jpg 1024w, https:\/\/www.santaritadopassaquatro.sp.gov.br\/portal\/wp-content\/uploads\/2021\/12\/curso_ambiental3-300x135.jpg 300w, https:\/\/www.santaritadopassaquatro.sp.gov.br\/portal\/wp-content\/uploads\/2021\/12\/curso_ambiental3-768x346.jpg 768w, https:\/\/www.santaritadopassaquatro.sp.gov.br\/portal\/wp-content\/uploads\/2021\/12\/curso_ambiental3.jpg 1600w\" sizes=\"(max-width: 800px) 100vw, 800px\" \/> <img decoding=\"async\" class=\"aligncenter size-large wp-image-5752\" src=\"http:\/\/www.santaritadopassaquatro.sp.gov.br\/portal\/wp-content\/uploads\/2021\/12\/curso_ambiental2-1024x461.jpg\" alt=\"\" width=\"800\" height=\"360\" srcset=\"https:\/\/www.santaritadopassaquatro.sp.gov.br\/portal\/wp-content\/uploads\/2021\/12\/curso_ambiental2-1024x461.jpg 1024w, https:\/\/www.santaritadopassaquatro.sp.gov.br\/portal\/wp-content\/uploads\/2021\/12\/curso_ambiental2-300x135.jpg 300w, https:\/\/www.santaritadopassaquatro.sp.gov.br\/portal\/wp-content\/uploads\/2021\/12\/curso_ambiental2-768x346.jpg 768w, https:\/\/www.santaritadopassaquatro.sp.gov.br\/portal\/wp-content\/uploads\/2021\/12\/curso_ambiental2.jpg 1600w\" sizes=\"(max-width: 800px) 100vw, 800px\" \/><\/p>\n","protected":false},"excerpt":{"rendered":"<p>No dia 08 de dezembro de 2021, o Departamento de Agricultura e Meio Ambiente, em parceria com a Universidade Federal<\/p>\n","protected":false},"author":1,"featured_media":5751,"comment_status":"closed","ping_status":"open","sticky":false,"template":"","format":"standard","meta":{"footnotes":""},"categories":[53],"tags":[],"class_list":["post-5750","post","type-post","status-publish","format-standard","has-post-thumbnail","hentry","category-meio-ambiente"],"_links":{"self":[{"href":"https:\/\/www.santaritadopassaquatro.sp.gov.br\/portal\/wp-json\/wp\/v2\/posts\/5750","targetHints":{"allow":["GET"]}}],"collection":[{"href":"https:\/\/www.santaritadopassaquatro.sp.gov.br\/portal\/wp-json\/wp\/v2\/posts"}],"about":[{"href":"https:\/\/www.santaritadopassaquatro.sp.gov.br\/portal\/wp-json\/wp\/v2\/types\/post"}],"author":[{"embeddable":true,"href":"https:\/\/www.santaritadopassaquatro.sp.gov.br\/portal\/wp-json\/wp\/v2\/users\/1"}],"replies":[{"embeddable":true,"href":"https:\/\/www.santaritadopassaquatro.sp.gov.br\/portal\/wp-json\/wp\/v2\/comments?post=5750"}],"version-history":[{"count":1,"href":"https:\/\/www.santaritadopassaquatro.sp.gov.br\/portal\/wp-json\/wp\/v2\/posts\/5750\/revisions"}],"predecessor-version":[{"id":5754,"href":"https:\/\/www.santaritadopassaquatro.sp.gov.br\/portal\/wp-json\/wp\/v2\/posts\/5750\/revisions\/5754"}],"wp:featuredmedia":[{"embeddable":true,"href":"https:\/\/www.santaritadopassaquatro.sp.gov.br\/portal\/wp-json\/wp\/v2\/media\/5751"}],"wp:attachment":[{"href":"https:\/\/www.santaritadopassaquatro.sp.gov.br\/portal\/wp-json\/wp\/v2\/media?parent=5750"}],"wp:term":[{"taxonomy":"category","embeddable":true,"href":"https:\/\/www.santaritadopassaquatro.sp.gov.br\/portal\/wp-json\/wp\/v2\/categories?post=5750"},{"taxonomy":"post_tag","embeddable":true,"href":"https:\/\/www.santaritadopassaquatro.sp.gov.br\/portal\/wp-json\/wp\/v2\/tags?post=5750"}],"curies":[{"name":"wp","href":"https:\/\/api.w.org\/{rel}","templated":true}]}}