{"id":5798,"date":"2021-12-17T17:32:19","date_gmt":"2021-12-17T20:32:19","guid":{"rendered":"http:\/\/www.santaritadopassaquatro.sp.gov.br\/portal\/?p=5798"},"modified":"2021-12-17T17:32:19","modified_gmt":"2021-12-17T20:32:19","slug":"waldonesio-monitor-do-parque-vassununga-e-eleito-o-ambientalista-do-ano-no-programa-municipio-verde-azul","status":"publish","type":"post","link":"https:\/\/www.santaritadopassaquatro.sp.gov.br\/portal\/waldonesio-monitor-do-parque-vassununga-e-eleito-o-ambientalista-do-ano-no-programa-municipio-verde-azul\/","title":{"rendered":"Waldon\u00e9sio, Monitor do Parque Vassununga, \u00e9 eleito o Ambientalista do ano no Programa Munic\u00edpio Verde-Azul"},"content":{"rendered":"<p>Ambientalista do Ano do Programa Munic\u00edpio VerdeAzul.<\/p>\n<p>Waldon\u00e9sio Borges Nascimento, agente de apoio \u00e0 pesquisa cient\u00edfica no Parque Estadual Vassununga, recebeu o pr\u00eamio de Ambientalista Regional do Ano, do Programa Munic\u00edpio VerdeAzul.<\/p>\n<p>Waldo come\u00e7ou no Parque Estadual Vassununga como guarda-parque h\u00e1 27 anos e, desde ent\u00e3o, seu conhecimento e sua expertise ajudaram diversos pesquisadores que passaram pelo local.<\/p>\n<p>Um destaque foi a descoberta da \u2018Matriarca\u2019, em 2018, um jequitib\u00e1-rosa de 44 metros, indicado por ele aos estudiosos que buscavam \u00e1rvores gigantes.<\/p>\n<p>Na foto, Waldo recebe o pr\u00eamio ao lado de Ana Victoria Silva &#8211; suplente do PMVA e servidora p\u00fablica do Departamento de Agricultura e Meio Ambiente e de Germano Quaglio &#8211; Interlocutor do PMVA e diretor do Departamento de Agricultura e Meio Ambiente<\/p>\n","protected":false},"excerpt":{"rendered":"<p>Ambientalista do Ano do Programa Munic\u00edpio VerdeAzul. Waldon\u00e9sio Borges Nascimento, agente de apoio \u00e0 pesquisa cient\u00edfica no Parque Estadual Vassununga,<\/p>\n","protected":false},"author":1,"featured_media":5799,"comment_status":"closed","ping_status":"open","sticky":false,"template":"","format":"standard","meta":{"footnotes":""},"categories":[53],"tags":[],"class_list":["post-5798","post","type-post","status-publish","format-standard","has-post-thumbnail","hentry","category-meio-ambiente"],"_links":{"self":[{"href":"https:\/\/www.santaritadopassaquatro.sp.gov.br\/portal\/wp-json\/wp\/v2\/posts\/5798","targetHints":{"allow":["GET"]}}],"collection":[{"href":"https:\/\/www.santaritadopassaquatro.sp.gov.br\/portal\/wp-json\/wp\/v2\/posts"}],"about":[{"href":"https:\/\/www.santaritadopassaquatro.sp.gov.br\/portal\/wp-json\/wp\/v2\/types\/post"}],"author":[{"embeddable":true,"href":"https:\/\/www.santaritadopassaquatro.sp.gov.br\/portal\/wp-json\/wp\/v2\/users\/1"}],"replies":[{"embeddable":true,"href":"https:\/\/www.santaritadopassaquatro.sp.gov.br\/portal\/wp-json\/wp\/v2\/comments?post=5798"}],"version-history":[{"count":1,"href":"https:\/\/www.santaritadopassaquatro.sp.gov.br\/portal\/wp-json\/wp\/v2\/posts\/5798\/revisions"}],"predecessor-version":[{"id":5800,"href":"https:\/\/www.santaritadopassaquatro.sp.gov.br\/portal\/wp-json\/wp\/v2\/posts\/5798\/revisions\/5800"}],"wp:featuredmedia":[{"embeddable":true,"href":"https:\/\/www.santaritadopassaquatro.sp.gov.br\/portal\/wp-json\/wp\/v2\/media\/5799"}],"wp:attachment":[{"href":"https:\/\/www.santaritadopassaquatro.sp.gov.br\/portal\/wp-json\/wp\/v2\/media?parent=5798"}],"wp:term":[{"taxonomy":"category","embeddable":true,"href":"https:\/\/www.santaritadopassaquatro.sp.gov.br\/portal\/wp-json\/wp\/v2\/categories?post=5798"},{"taxonomy":"post_tag","embeddable":true,"href":"https:\/\/www.santaritadopassaquatro.sp.gov.br\/portal\/wp-json\/wp\/v2\/tags?post=5798"}],"curies":[{"name":"wp","href":"https:\/\/api.w.org\/{rel}","templated":true}]}}