{"id":5809,"date":"2021-12-23T16:35:20","date_gmt":"2021-12-23T19:35:20","guid":{"rendered":"http:\/\/www.santaritadopassaquatro.sp.gov.br\/portal\/?p=5809"},"modified":"2021-12-23T16:35:20","modified_gmt":"2021-12-23T19:35:20","slug":"edital-de-convocacao-para-as-provas-escritas-objetivas-do-processo-seletivo-simplificado-edital-no-012021","status":"publish","type":"post","link":"https:\/\/www.santaritadopassaquatro.sp.gov.br\/portal\/edital-de-convocacao-para-as-provas-escritas-objetivas-do-processo-seletivo-simplificado-edital-no-012021\/","title":{"rendered":"EDITAL DE CONVOCA\u00c7\u00c3O PARA AS PROVAS ESCRITAS OBJETIVAS do Processo Seletivo Simplificado &#8211; Edital n\u00ba 01\/2021"},"content":{"rendered":"<p>O Prefeito Municipal da Est\u00e2ncia Clim\u00e1tica de Santa Rita do Passa Quatro\u2019, Estado de S\u00e3o Paulo, usando de suas atribui\u00e7\u00f5es legais, torna p\u00fablico o EDITAL DE CONVOCA\u00c7\u00c3O PARA AS PROVAS ESCRITAS OBJETIVAS do Processo Seletivo Simplificado &#8211; Edital n\u00ba 01\/2021, conforme segue:<\/p>\n<p>As provas ser\u00e3o realizadas no dia 9 de janeiro de 2022, nos locais e hor\u00e1rios abaixo descritos:<\/p>\n<p>Os candidatos dever\u00e3o comparecer no local acima citado pelo menos 30 (trinta) minutos antes do hor\u00e1rio de abertura dos port\u00f5es, munidos do protocolo de inscri\u00e7\u00e3o, documento oficial de identidade com foto (original), caneta esferogr\u00e1fica azul ou preta, l\u00e1pis preto, borracha e m\u00e1scara de prote\u00e7\u00e3o.<\/p>\n<p>A m\u00e1scara solicitada acima trata-se de medida de prote\u00e7\u00e3o para evitar a infec\u00e7\u00e3o do novo coronav\u00edrus (COVID-19) e o candidato que n\u00e3o estiver utilizando a m\u00e1scara de prote\u00e7\u00e3o ficar\u00e1 impedido de adentrar ao pr\u00e9dio e ser\u00e1 exclu\u00eddo do Processo.<\/p>\n<p>N\u00e3o ser\u00e1 admitido na sala de Prova o candidato que se apresentar ap\u00f3s o hor\u00e1rio estabelecido para o fechamento do port\u00e3o do pr\u00e9dio ou que n\u00e3o estiver de posse dos documentos h\u00e1beis\/ itens previstos no edital de abertura.<\/p>\n<p>O uso da m\u00e1scara \u00e9 obrigat\u00f3rio at\u00e9 a sa\u00edda do candidato do pr\u00e9dio, sob pena de elimina\u00e7\u00e3o do certame.<\/p>\n<p>\u00c9 recomend\u00e1vel que os candidatos levem seu pr\u00f3prio \u00e1lcool gel.<\/p>\n<p>Os candidatos dever\u00e3o seguir as orienta\u00e7\u00f5es de seguran\u00e7a e as medidas de preven\u00e7\u00e3o para evitar a infec\u00e7\u00e3o do novo coronav\u00edrus, como evitar aglomera\u00e7\u00f5es na entrada, nos sanit\u00e1rios, nas salas de prova e na sa\u00edda, respeitando sempre o distanciamento social.<\/p>\n<p>A listagem completa com a homologa\u00e7\u00e3o das inscri\u00e7\u00f5es contendo os dados dos candidatos inscritos estar\u00e1 \u00e0 disposi\u00e7\u00e3o dos interessados no site<\/p>\n<p>&nbsp;<\/p>\n<ul>\n<li><a href=\"http:\/\/www.santaritadopassaquatro.sp.gov.br\/portal\/wp-content\/uploads\/2021\/12\/SRPQ-Inscricoes-Homologadas-_22_12_21.pdf\" target=\"_blank\" rel=\"noopener\">SRPQ &#8211; Inscricoes Homologadas _22_12_21<\/a><\/li>\n<li><a href=\"http:\/\/www.santaritadopassaquatro.sp.gov.br\/portal\/wp-content\/uploads\/2021\/12\/SRPQ_Convocacao_PS-012021.pdf\" target=\"_blank\" rel=\"noopener\">SRPQ_Convocacao_PS 012021<\/a><\/li>\n<\/ul>\n","protected":false},"excerpt":{"rendered":"<p>O Prefeito Municipal da Est\u00e2ncia Clim\u00e1tica de Santa Rita do Passa Quatro\u2019, Estado de S\u00e3o Paulo, usando de suas atribui\u00e7\u00f5es<\/p>\n","protected":false},"author":1,"featured_media":0,"comment_status":"closed","ping_status":"open","sticky":false,"template":"","format":"standard","meta":{"footnotes":""},"categories":[28],"tags":[],"class_list":["post-5809","post","type-post","status-publish","format-standard","hentry","category-educacao"],"_links":{"self":[{"href":"https:\/\/www.santaritadopassaquatro.sp.gov.br\/portal\/wp-json\/wp\/v2\/posts\/5809","targetHints":{"allow":["GET"]}}],"collection":[{"href":"https:\/\/www.santaritadopassaquatro.sp.gov.br\/portal\/wp-json\/wp\/v2\/posts"}],"about":[{"href":"https:\/\/www.santaritadopassaquatro.sp.gov.br\/portal\/wp-json\/wp\/v2\/types\/post"}],"author":[{"embeddable":true,"href":"https:\/\/www.santaritadopassaquatro.sp.gov.br\/portal\/wp-json\/wp\/v2\/users\/1"}],"replies":[{"embeddable":true,"href":"https:\/\/www.santaritadopassaquatro.sp.gov.br\/portal\/wp-json\/wp\/v2\/comments?post=5809"}],"version-history":[{"count":1,"href":"https:\/\/www.santaritadopassaquatro.sp.gov.br\/portal\/wp-json\/wp\/v2\/posts\/5809\/revisions"}],"predecessor-version":[{"id":5812,"href":"https:\/\/www.santaritadopassaquatro.sp.gov.br\/portal\/wp-json\/wp\/v2\/posts\/5809\/revisions\/5812"}],"wp:attachment":[{"href":"https:\/\/www.santaritadopassaquatro.sp.gov.br\/portal\/wp-json\/wp\/v2\/media?parent=5809"}],"wp:term":[{"taxonomy":"category","embeddable":true,"href":"https:\/\/www.santaritadopassaquatro.sp.gov.br\/portal\/wp-json\/wp\/v2\/categories?post=5809"},{"taxonomy":"post_tag","embeddable":true,"href":"https:\/\/www.santaritadopassaquatro.sp.gov.br\/portal\/wp-json\/wp\/v2\/tags?post=5809"}],"curies":[{"name":"wp","href":"https:\/\/api.w.org\/{rel}","templated":true}]}}