{"id":5862,"date":"2022-01-14T09:11:41","date_gmt":"2022-01-14T12:11:41","guid":{"rendered":"http:\/\/www.santaritadopassaquatro.sp.gov.br\/portal\/?p=5862"},"modified":"2022-01-15T09:12:13","modified_gmt":"2022-01-15T12:12:13","slug":"1a-chamada-para-matricula-2022","status":"publish","type":"post","link":"https:\/\/www.santaritadopassaquatro.sp.gov.br\/portal\/1a-chamada-para-matricula-2022\/","title":{"rendered":"1\u00aa CHAMADA PARA MATR\u00cdCULA 2022"},"content":{"rendered":"<p><strong>RESOLU\u00c7\u00c3O DEM 02\/2019 \u2013 \u201cLISTA \u00daNICA\u201d CRECHES MUNICIPAIS<\/strong><\/p>\n<p><strong>\u00a0<\/strong><\/p>\n<p><strong><u>1\u00aa CHAMADA PARA MATR\u00cdCULA 2022 <\/u><\/strong><\/p>\n<p><strong><u>\u00a0<\/u><\/strong><\/p>\n<p><strong>\u00a0<\/strong><\/p>\n<p><strong>\u00a0\u00a0\u00a0\u00a0\u00a0\u00a0\u00a0\u00a0\u00a0\u00a0\u00a0 <\/strong>Os respons\u00e1veis pelas crian\u00e7as contempladas pelas vagas dever\u00e3o comparecer ao <strong><u>Departamento de Educa\u00e7\u00e3o<\/u><\/strong>, no dia <strong>17\/01\/2022<\/strong>.O atendimento funcionar\u00e1 da seguinte maneira:<\/p>\n<p><strong>\u00a0\u00a0\u00a0\u00a0\u00a0\u00a0\u00a0\u00a0\u00a0\u00a0\u00a0 <\/strong><\/p>\n<p><strong>\u00a0 \u00a0\u00a0\u00a0\u00a0\u00a0\u00a0\u00a0\u00a0\u00a0\u00a0\u00a0\u00a0\u00a0BER\u00c7ARIO I &#8211; nascidos a partir de 01\/04\/2021-31\/03\/2022\u00a0 e todos os nascidos em 2022<\/strong><\/p>\n<p><strong>\u00a0<\/strong><\/p>\n<p><strong>\u00a0\u00a0\u00a0\u00a0\u00a0\u00a0\u00a0\u00a0\u00a0\u00a0\u00a0 <\/strong>Ser\u00e1 entregue uma <strong><u>senha conforme a ordem de cadastro na lista de chamada<\/u><\/strong>, desde que o respons\u00e1vel chegue no hor\u00e1rio estipulado. Caso compare\u00e7a ap\u00f3s o hor\u00e1rio marcado, a escolha da vaga ocorrer\u00e1 no final do hor\u00e1rio para o qual foi chamado.<\/p>\n<p>Ap\u00f3s o direcionamento da vaga no Departamento de Educa\u00e7\u00e3o os respons\u00e1veis ter\u00e3o um prazo de <strong><u>15 (dez) dias para efetiva\u00e7\u00e3o da matr\u00edcula na creche.<\/u><\/strong><\/p>\n<p>A n\u00e3o efetiva\u00e7\u00e3o da matr\u00edcula no prazo estipulado ser\u00e1 considerada manifesta\u00e7\u00e3o de desinteresse e o nome da crian\u00e7a ser\u00e1 retirado da <strong>Lista \u00danica<\/strong>.<\/p>\n<p>Os respons\u00e1veis dos contemplados pelas vagas, que n\u00e3o tiverem mais interesse pela mesma, dever\u00e3o comparecer a este Departamento para assinar o <strong>TERMO DE DESIST\u00caNCIA<\/strong>.\u00a0 \u00a0O N\u00c3O COMPARECIMENTO PARA ASSINATURA DO TERMO DE DESIST\u00caNCIA, ACARRETAR\u00c1 AUTOMATICAMENTE A POSI\u00c7\u00c3O NA LISTA, REALOCANDO \u00a0A CRIAN\u00c7A PARA O FINAL DA LISTA.<\/p>\n<p>&nbsp;<\/p>\n<p>PROTOCOLOS DEVIDO AO COVID-19 \u2013 Uso de m\u00e1scara<\/p>\n<p>Somente uma pessoa da fam\u00edlia<\/p>\n<p>Seguir rigorosamente o hor\u00e1rio marcado, n\u00e3o chegar com anteced\u00eancia, pois iremos seguir \u00a0a ordem da lista \u00fanica.<\/p>\n<p>&nbsp;<\/p>\n<p>&nbsp;<\/p>\n<p>Departamento de Educa\u00e7\u00e3o \u2013 Av. Severino Meirelles, n\u00ba 1.230 \u2013 Centro \u2013 Tel: 35828540<\/p>\n<p>&nbsp;<\/p>\n<p>Baixe o arquivo completo no link:\u00a0 <a href=\"http:\/\/www.santaritadopassaquatro.sp.gov.br\/portal\/wp-content\/uploads\/2022\/01\/1\u00aa-chamada-para-matr\u00edcula-2022-creches-municipais.pdf\" target=\"_blank\" rel=\"noopener\"> 1\u00aa chamada para matr\u00edcula 2022 creches municipais<\/a><\/p>\n","protected":false},"excerpt":{"rendered":"<p>RESOLU\u00c7\u00c3O DEM 02\/2019 \u2013 \u201cLISTA \u00daNICA\u201d CRECHES MUNICIPAIS \u00a0 1\u00aa CHAMADA PARA MATR\u00cdCULA 2022 \u00a0 \u00a0 \u00a0\u00a0\u00a0\u00a0\u00a0\u00a0\u00a0\u00a0\u00a0\u00a0\u00a0 Os respons\u00e1veis pelas<\/p>\n","protected":false},"author":1,"featured_media":0,"comment_status":"closed","ping_status":"open","sticky":false,"template":"","format":"standard","meta":{"footnotes":""},"categories":[28],"tags":[],"class_list":["post-5862","post","type-post","status-publish","format-standard","hentry","category-educacao"],"_links":{"self":[{"href":"https:\/\/www.santaritadopassaquatro.sp.gov.br\/portal\/wp-json\/wp\/v2\/posts\/5862","targetHints":{"allow":["GET"]}}],"collection":[{"href":"https:\/\/www.santaritadopassaquatro.sp.gov.br\/portal\/wp-json\/wp\/v2\/posts"}],"about":[{"href":"https:\/\/www.santaritadopassaquatro.sp.gov.br\/portal\/wp-json\/wp\/v2\/types\/post"}],"author":[{"embeddable":true,"href":"https:\/\/www.santaritadopassaquatro.sp.gov.br\/portal\/wp-json\/wp\/v2\/users\/1"}],"replies":[{"embeddable":true,"href":"https:\/\/www.santaritadopassaquatro.sp.gov.br\/portal\/wp-json\/wp\/v2\/comments?post=5862"}],"version-history":[{"count":1,"href":"https:\/\/www.santaritadopassaquatro.sp.gov.br\/portal\/wp-json\/wp\/v2\/posts\/5862\/revisions"}],"predecessor-version":[{"id":5864,"href":"https:\/\/www.santaritadopassaquatro.sp.gov.br\/portal\/wp-json\/wp\/v2\/posts\/5862\/revisions\/5864"}],"wp:attachment":[{"href":"https:\/\/www.santaritadopassaquatro.sp.gov.br\/portal\/wp-json\/wp\/v2\/media?parent=5862"}],"wp:term":[{"taxonomy":"category","embeddable":true,"href":"https:\/\/www.santaritadopassaquatro.sp.gov.br\/portal\/wp-json\/wp\/v2\/categories?post=5862"},{"taxonomy":"post_tag","embeddable":true,"href":"https:\/\/www.santaritadopassaquatro.sp.gov.br\/portal\/wp-json\/wp\/v2\/tags?post=5862"}],"curies":[{"name":"wp","href":"https:\/\/api.w.org\/{rel}","templated":true}]}}