{"id":5920,"date":"2022-01-31T10:40:52","date_gmt":"2022-01-31T13:40:52","guid":{"rendered":"http:\/\/www.santaritadopassaquatro.sp.gov.br\/portal\/?p=5920"},"modified":"2022-02-01T11:02:25","modified_gmt":"2022-02-01T14:02:25","slug":"retorno-para-o-ano-letivo-de-2022-rede-municipal-de-santa-rita-do-passa-quatro","status":"publish","type":"post","link":"https:\/\/www.santaritadopassaquatro.sp.gov.br\/portal\/retorno-para-o-ano-letivo-de-2022-rede-municipal-de-santa-rita-do-passa-quatro\/","title":{"rendered":"RETORNO PARA O ANO LETIVO DE 2022 REDE MUNICIPAL DE SANTA RITA DO PASSA QUATRO"},"content":{"rendered":"<p><strong> <span class=\"fontstyle0\">Resolu\u00e7\u00e3o SEDUC N\u00ba 9, de 28-01-2022<\/span><\/strong><\/p>\n<p><span class=\"fontstyle0\"><br \/>\n<\/span><span class=\"fontstyle0\">Disp\u00f5e sobre a realiza\u00e7\u00e3o das aulas e atividades presenciais nas institui\u00e7\u00f5es de educa\u00e7\u00e3o b\u00e1sica no ano letivo de 2022, no contexto da pandemia de COVID-19, e d\u00e1 provid\u00eancias correlatas.<\/span><\/p>\n<p>Baixe o arquivo no link:\u00a0<a href=\"http:\/\/www.santaritadopassaquatro.sp.gov.br\/portal\/wp-content\/uploads\/2022\/01\/RETORNO-PARA-O-ANO-LETIVO-DE-2022-1.pdf\" target=\"_blank\" rel=\"noopener\">RETORNO PARA O ANO LETIVO DE 2022<\/a><\/p>\n","protected":false},"excerpt":{"rendered":"<p>Resolu\u00e7\u00e3o SEDUC N\u00ba 9, de 28-01-2022 Disp\u00f5e sobre a realiza\u00e7\u00e3o das aulas e atividades presenciais nas institui\u00e7\u00f5es de educa\u00e7\u00e3o b\u00e1sica<\/p>\n","protected":false},"author":1,"featured_media":0,"comment_status":"closed","ping_status":"open","sticky":false,"template":"","format":"standard","meta":{"footnotes":""},"categories":[28],"tags":[],"class_list":["post-5920","post","type-post","status-publish","format-standard","hentry","category-educacao"],"_links":{"self":[{"href":"https:\/\/www.santaritadopassaquatro.sp.gov.br\/portal\/wp-json\/wp\/v2\/posts\/5920","targetHints":{"allow":["GET"]}}],"collection":[{"href":"https:\/\/www.santaritadopassaquatro.sp.gov.br\/portal\/wp-json\/wp\/v2\/posts"}],"about":[{"href":"https:\/\/www.santaritadopassaquatro.sp.gov.br\/portal\/wp-json\/wp\/v2\/types\/post"}],"author":[{"embeddable":true,"href":"https:\/\/www.santaritadopassaquatro.sp.gov.br\/portal\/wp-json\/wp\/v2\/users\/1"}],"replies":[{"embeddable":true,"href":"https:\/\/www.santaritadopassaquatro.sp.gov.br\/portal\/wp-json\/wp\/v2\/comments?post=5920"}],"version-history":[{"count":2,"href":"https:\/\/www.santaritadopassaquatro.sp.gov.br\/portal\/wp-json\/wp\/v2\/posts\/5920\/revisions"}],"predecessor-version":[{"id":5924,"href":"https:\/\/www.santaritadopassaquatro.sp.gov.br\/portal\/wp-json\/wp\/v2\/posts\/5920\/revisions\/5924"}],"wp:attachment":[{"href":"https:\/\/www.santaritadopassaquatro.sp.gov.br\/portal\/wp-json\/wp\/v2\/media?parent=5920"}],"wp:term":[{"taxonomy":"category","embeddable":true,"href":"https:\/\/www.santaritadopassaquatro.sp.gov.br\/portal\/wp-json\/wp\/v2\/categories?post=5920"},{"taxonomy":"post_tag","embeddable":true,"href":"https:\/\/www.santaritadopassaquatro.sp.gov.br\/portal\/wp-json\/wp\/v2\/tags?post=5920"}],"curies":[{"name":"wp","href":"https:\/\/api.w.org\/{rel}","templated":true}]}}