{"id":6003,"date":"2022-02-22T15:51:31","date_gmt":"2022-02-22T18:51:31","guid":{"rendered":"http:\/\/www.santaritadopassaquatro.sp.gov.br\/portal\/?p=6003"},"modified":"2022-02-22T15:52:36","modified_gmt":"2022-02-22T18:52:36","slug":"prefeitura-convida-a-todos-para-a-reabertura-do-museu-historico-e-pedagogico-zequinha-de-abreu","status":"publish","type":"post","link":"https:\/\/www.santaritadopassaquatro.sp.gov.br\/portal\/prefeitura-convida-a-todos-para-a-reabertura-do-museu-historico-e-pedagogico-zequinha-de-abreu\/","title":{"rendered":"PREFEITURA CONVIDA A TODOS PARA A REABERTURA DO MUSEU HIST\u00d3RICO E PEDAG\u00d3GICO ZEQUINHA DE ABREU"},"content":{"rendered":"<p>Ap\u00f3s um per\u00edodo fechado para restaura\u00e7\u00e3o e reorganiza\u00e7\u00e3o de acervo, finalmente o nosso museu ser\u00e1 reaberto para visita\u00e7\u00e3o hoje, 22 de fevereiro, \u00e0s 19h30, m\u00eas em que se comemora o Centen\u00e1rio da \u201cSemana de Arte Moderna\u201d.<\/p>\n<p>Epis\u00f3dio hist\u00f3rico ocorrido em fevereiro de 1922 no Teatro Municipal de S\u00e3o Paulo, a Semana da Arte Moderna reuniu os mais importantes e inovadores artistas e intelectuais brasileiros da \u00e9poca, para romper com o tradicionalismo cultural associado \u00e0s correntes liter\u00e1rias e art\u00edsticas anteriores, defendendo um novo ponto de vista est\u00e9tico, um &#8220;estilo novo&#8221; e o compromisso com a independ\u00eancia cultural do pa\u00eds, se tornando um ato simb\u00f3lico uma vez que tamb\u00e9m festejou-se o centen\u00e1rio da independ\u00eancia do Brasil.<\/p>\n<p>Criado por decreto estadual em 1969 e tombado em 1981, pelo \u00f3rg\u00e3o CONDEPHAAT, o museu situa-se na Pra\u00e7a Poeta Mario Mattoso, em Santa Rita do Passa Quatro, na antiga Esta\u00e7\u00e3o Ferrovi\u00e1ria, \u00e9 tem\u00e1tico e destina-se a recolher, preservar e difundir a m\u00fasica de Jos\u00e9 Gomes de Abreu, o Zequinha de Abreu (1880- 1935), bem como seus pertences entre partituras manuscritas, seu piano, fotos, cartas, mobili\u00e1rio, etc.<\/p>\n<p>Tamb\u00e9m abriga os registros da \u00e9poca da ferrovia e do in\u00edcio da cidade, objetos pertencentes \u00e0s fazendas de caf\u00e9 e outros objetos que remetiam a condi\u00e7\u00e3o dos escravos que trabalhavam em algumas dessas fazendas.<\/p>\n<p>Em breve o Departamento de Cultura da Prefeitura Municipal de Santa Rita do Passa Quatro anunciar\u00e1 os dias e hor\u00e1rios de visita\u00e7\u00e3o.<\/p>\n","protected":false},"excerpt":{"rendered":"<p>Ap\u00f3s um per\u00edodo fechado para restaura\u00e7\u00e3o e reorganiza\u00e7\u00e3o de acervo, finalmente o nosso museu ser\u00e1 reaberto para visita\u00e7\u00e3o hoje, 22<\/p>\n","protected":false},"author":1,"featured_media":6004,"comment_status":"closed","ping_status":"open","sticky":false,"template":"","format":"standard","meta":{"footnotes":""},"categories":[46,48,52],"tags":[],"class_list":["post-6003","post","type-post","status-publish","format-standard","has-post-thumbnail","hentry","category-cultura","category-featured","category-latest"],"_links":{"self":[{"href":"https:\/\/www.santaritadopassaquatro.sp.gov.br\/portal\/wp-json\/wp\/v2\/posts\/6003","targetHints":{"allow":["GET"]}}],"collection":[{"href":"https:\/\/www.santaritadopassaquatro.sp.gov.br\/portal\/wp-json\/wp\/v2\/posts"}],"about":[{"href":"https:\/\/www.santaritadopassaquatro.sp.gov.br\/portal\/wp-json\/wp\/v2\/types\/post"}],"author":[{"embeddable":true,"href":"https:\/\/www.santaritadopassaquatro.sp.gov.br\/portal\/wp-json\/wp\/v2\/users\/1"}],"replies":[{"embeddable":true,"href":"https:\/\/www.santaritadopassaquatro.sp.gov.br\/portal\/wp-json\/wp\/v2\/comments?post=6003"}],"version-history":[{"count":1,"href":"https:\/\/www.santaritadopassaquatro.sp.gov.br\/portal\/wp-json\/wp\/v2\/posts\/6003\/revisions"}],"predecessor-version":[{"id":6005,"href":"https:\/\/www.santaritadopassaquatro.sp.gov.br\/portal\/wp-json\/wp\/v2\/posts\/6003\/revisions\/6005"}],"wp:featuredmedia":[{"embeddable":true,"href":"https:\/\/www.santaritadopassaquatro.sp.gov.br\/portal\/wp-json\/wp\/v2\/media\/6004"}],"wp:attachment":[{"href":"https:\/\/www.santaritadopassaquatro.sp.gov.br\/portal\/wp-json\/wp\/v2\/media?parent=6003"}],"wp:term":[{"taxonomy":"category","embeddable":true,"href":"https:\/\/www.santaritadopassaquatro.sp.gov.br\/portal\/wp-json\/wp\/v2\/categories?post=6003"},{"taxonomy":"post_tag","embeddable":true,"href":"https:\/\/www.santaritadopassaquatro.sp.gov.br\/portal\/wp-json\/wp\/v2\/tags?post=6003"}],"curies":[{"name":"wp","href":"https:\/\/api.w.org\/{rel}","templated":true}]}}