{"id":6006,"date":"2022-02-24T09:49:35","date_gmt":"2022-02-24T12:49:35","guid":{"rendered":"http:\/\/www.santaritadopassaquatro.sp.gov.br\/portal\/?p=6006"},"modified":"2022-02-24T09:49:35","modified_gmt":"2022-02-24T12:49:35","slug":"convite-para-a-reuniao-do-conselho-comunitario-de-seguranca-de-santa-rita","status":"publish","type":"post","link":"https:\/\/www.santaritadopassaquatro.sp.gov.br\/portal\/convite-para-a-reuniao-do-conselho-comunitario-de-seguranca-de-santa-rita\/","title":{"rendered":"CONVITE PARA A REUNI\u00c3O DO CONSELHO COMUNIT\u00c1RIO DE SEGURAN\u00c7A DE SANTA RITA"},"content":{"rendered":"<p>Nesta quinta-feira (24), \u00e0s 19h30, na C\u00e2mara Municipal, haver\u00e1 uma reuni\u00e3o para a reativa\u00e7\u00e3o do CONSEG \u2013 Conselho Comunit\u00e1rio de Seguran\u00e7a do munic\u00edpio de Santa Rita do Passa Quatro.<\/p>\n<p>&nbsp;<\/p>\n<p>\u00c9 muito importante a presen\u00e7a dos mun\u00edcipes, para que haja um debate relevante e possamos proporcionar mais seguran\u00e7a e bem estar, em um esfor\u00e7o conjunto entre o poder p\u00fablico e a sociedade civil, aos santa-ritenses.<\/p>\n<p>&nbsp;<\/p>\n<p>O CONSEG (Conselho Comunit\u00e1rio de Seguran\u00e7a) \u00e9 um grupo de pessoas do mesmo munic\u00edpio que se re\u00fanem para discutir e analisar, planejar e acompanhar a solu\u00e7\u00e3o de seus problemas comunit\u00e1rios de seguran\u00e7a, desenvolver campanhas educativas e estreitar la\u00e7os de entendimento e coopera\u00e7\u00e3o entre as v\u00e1rias lideran\u00e7as locais.<\/p>\n<p>&nbsp;<\/p>\n<p>Cada Conselho \u00e9 uma entidade de apoio \u00e0 Pol\u00edcia Militar nas rela\u00e7\u00f5es comunit\u00e1rias, e se vinculam, por ades\u00e3o, \u00e0s diretrizes emanadas da Secretaria de Seguran\u00e7a P\u00fablica, por interm\u00e9dio do Coordenador Estadual dos Conselhos Comunit\u00e1rios de Seguran\u00e7a.<\/p>\n<p>&nbsp;<\/p>\n<p>As reuni\u00f5es ordin\u00e1rias de cada Conselho s\u00e3o mensais, realizadas normalmente no per\u00edodo noturno.<\/p>\n<p>Em cada CONSEG, a Secretaria de Seguran\u00e7a P\u00fablica tem como representantes, o Comandante da Pol\u00edcia Militar da \u00e1rea e o Delegado de Pol\u00edcia Titular do correspondente Distrito Policial.<\/p>\n<p>&nbsp;<\/p>\n<p>Sua legitimidade tem sido reconhecida pelas v\u00e1rias esferas de governo e por institutos independentes, o que permite afirmar que os CONSEG\u2019s constituem, hoje, uma ampla, s\u00f3lida, duradoura e bem sucedida iniciativa de pol\u00edcia orientada para a comunidade.<\/p>\n","protected":false},"excerpt":{"rendered":"<p>Nesta quinta-feira (24), \u00e0s 19h30, na C\u00e2mara Municipal, haver\u00e1 uma reuni\u00e3o para a reativa\u00e7\u00e3o do CONSEG \u2013 Conselho Comunit\u00e1rio de<\/p>\n","protected":false},"author":1,"featured_media":6007,"comment_status":"closed","ping_status":"open","sticky":false,"template":"","format":"standard","meta":{"footnotes":""},"categories":[48,59],"tags":[],"class_list":["post-6006","post","type-post","status-publish","format-standard","has-post-thumbnail","hentry","category-featured","category-seguranca-publica"],"_links":{"self":[{"href":"https:\/\/www.santaritadopassaquatro.sp.gov.br\/portal\/wp-json\/wp\/v2\/posts\/6006","targetHints":{"allow":["GET"]}}],"collection":[{"href":"https:\/\/www.santaritadopassaquatro.sp.gov.br\/portal\/wp-json\/wp\/v2\/posts"}],"about":[{"href":"https:\/\/www.santaritadopassaquatro.sp.gov.br\/portal\/wp-json\/wp\/v2\/types\/post"}],"author":[{"embeddable":true,"href":"https:\/\/www.santaritadopassaquatro.sp.gov.br\/portal\/wp-json\/wp\/v2\/users\/1"}],"replies":[{"embeddable":true,"href":"https:\/\/www.santaritadopassaquatro.sp.gov.br\/portal\/wp-json\/wp\/v2\/comments?post=6006"}],"version-history":[{"count":1,"href":"https:\/\/www.santaritadopassaquatro.sp.gov.br\/portal\/wp-json\/wp\/v2\/posts\/6006\/revisions"}],"predecessor-version":[{"id":6008,"href":"https:\/\/www.santaritadopassaquatro.sp.gov.br\/portal\/wp-json\/wp\/v2\/posts\/6006\/revisions\/6008"}],"wp:featuredmedia":[{"embeddable":true,"href":"https:\/\/www.santaritadopassaquatro.sp.gov.br\/portal\/wp-json\/wp\/v2\/media\/6007"}],"wp:attachment":[{"href":"https:\/\/www.santaritadopassaquatro.sp.gov.br\/portal\/wp-json\/wp\/v2\/media?parent=6006"}],"wp:term":[{"taxonomy":"category","embeddable":true,"href":"https:\/\/www.santaritadopassaquatro.sp.gov.br\/portal\/wp-json\/wp\/v2\/categories?post=6006"},{"taxonomy":"post_tag","embeddable":true,"href":"https:\/\/www.santaritadopassaquatro.sp.gov.br\/portal\/wp-json\/wp\/v2\/tags?post=6006"}],"curies":[{"name":"wp","href":"https:\/\/api.w.org\/{rel}","templated":true}]}}