{"id":6078,"date":"2022-03-21T19:04:50","date_gmt":"2022-03-21T22:04:50","guid":{"rendered":"http:\/\/www.santaritadopassaquatro.sp.gov.br\/portal\/?p=6078"},"modified":"2022-03-21T19:06:07","modified_gmt":"2022-03-21T22:06:07","slug":"departamento-municipal-de-educacao-edital-n-022022","status":"publish","type":"post","link":"https:\/\/www.santaritadopassaquatro.sp.gov.br\/portal\/departamento-municipal-de-educacao-edital-n-022022\/","title":{"rendered":"DEPARTAMENTO MUNICIPAL DE EDUCA\u00c7\u00c3O   EDITAL N\u00b0 02\/2022"},"content":{"rendered":"<p style=\"text-align: center;\"><strong>Processo Seletivo Simplificado para Assistentes de Alfabetiza\u00e7\u00e3o das turmas do primeiro e segundo ano do Ensino Fundamental &#8211; Ciclo I &#8211; nas escolas da Rede Municipal de Ensino no Programa Tempo de Aprender.<\/strong><\/p>\n<p>&nbsp;<\/p>\n<p>O DEPARTAMENTO MUNICIPAL DE EDUCA\u00c7\u00c3O &#8211; (DME) DO MUNIC\u00cdPIO DE SANTA RITA DO PASSA QUATRO, ESTADO DE S\u00c3O PAULO, no uso de suas atribui\u00e7\u00f5es, torna p\u00fablico para conhecimento a quem interessar o edital para a sele\u00e7\u00e3o e constitui\u00e7\u00e3o do banco de Assistentes de Alfabetiza\u00e7\u00e3o volunt\u00e1rios para o Programa Tempo de Aprender, institu\u00eddo pela PORTARIA N\u00ba 280, DE 19 DE FEVEREIRO DE 2020.<\/p>\n<p>Baixe o edital no link:\u00a0<a href=\"http:\/\/www.santaritadopassaquatro.sp.gov.br\/portal\/wp-content\/uploads\/2022\/03\/4.-Edital-TEMPO-DE-APRENDER-2022.docx-acertado-1.pdf\" target=\"_blank\" rel=\"noopener\">4.-Edital- TEMPO DE APRENDER 2022<\/a><\/p>\n","protected":false},"excerpt":{"rendered":"<p>Processo Seletivo Simplificado para Assistentes de Alfabetiza\u00e7\u00e3o das turmas do primeiro e segundo ano do Ensino Fundamental &#8211; Ciclo I<\/p>\n","protected":false},"author":1,"featured_media":0,"comment_status":"closed","ping_status":"open","sticky":false,"template":"","format":"standard","meta":{"footnotes":""},"categories":[61,28],"tags":[],"class_list":["post-6078","post","type-post","status-publish","format-standard","hentry","category-comunicados-importantes","category-educacao"],"_links":{"self":[{"href":"https:\/\/www.santaritadopassaquatro.sp.gov.br\/portal\/wp-json\/wp\/v2\/posts\/6078","targetHints":{"allow":["GET"]}}],"collection":[{"href":"https:\/\/www.santaritadopassaquatro.sp.gov.br\/portal\/wp-json\/wp\/v2\/posts"}],"about":[{"href":"https:\/\/www.santaritadopassaquatro.sp.gov.br\/portal\/wp-json\/wp\/v2\/types\/post"}],"author":[{"embeddable":true,"href":"https:\/\/www.santaritadopassaquatro.sp.gov.br\/portal\/wp-json\/wp\/v2\/users\/1"}],"replies":[{"embeddable":true,"href":"https:\/\/www.santaritadopassaquatro.sp.gov.br\/portal\/wp-json\/wp\/v2\/comments?post=6078"}],"version-history":[{"count":1,"href":"https:\/\/www.santaritadopassaquatro.sp.gov.br\/portal\/wp-json\/wp\/v2\/posts\/6078\/revisions"}],"predecessor-version":[{"id":6080,"href":"https:\/\/www.santaritadopassaquatro.sp.gov.br\/portal\/wp-json\/wp\/v2\/posts\/6078\/revisions\/6080"}],"wp:attachment":[{"href":"https:\/\/www.santaritadopassaquatro.sp.gov.br\/portal\/wp-json\/wp\/v2\/media?parent=6078"}],"wp:term":[{"taxonomy":"category","embeddable":true,"href":"https:\/\/www.santaritadopassaquatro.sp.gov.br\/portal\/wp-json\/wp\/v2\/categories?post=6078"},{"taxonomy":"post_tag","embeddable":true,"href":"https:\/\/www.santaritadopassaquatro.sp.gov.br\/portal\/wp-json\/wp\/v2\/tags?post=6078"}],"curies":[{"name":"wp","href":"https:\/\/api.w.org\/{rel}","templated":true}]}}