{"id":6088,"date":"2022-03-22T14:03:47","date_gmt":"2022-03-22T17:03:47","guid":{"rendered":"http:\/\/www.santaritadopassaquatro.sp.gov.br\/portal\/?p=6088"},"modified":"2022-03-22T14:03:47","modified_gmt":"2022-03-22T17:03:47","slug":"convite-audiencia-publica-2","status":"publish","type":"post","link":"https:\/\/www.santaritadopassaquatro.sp.gov.br\/portal\/convite-audiencia-publica-2\/","title":{"rendered":"Convite Audi\u00eancia P\u00fablica"},"content":{"rendered":"<p style=\"text-align: center;\"><strong>A PREFEITURA MUNICIPAL ATRAV\u00c9S DO SEU DEPARTAMENTO DE CULTURA CONVIDA A POPULA\u00c7\u00c3O PARA FAZER PARTE DESTE MOMENTO HIST\u00d3RICO PARA A CULTURA SANTA-RITENSE<\/strong><\/p>\n<p style=\"text-align: center;\">\nA Secretaria de Cultura e Economia Criativa do Estado de S\u00e3o Paulo realiza audi\u00eancia p\u00fablica para municipaliza\u00e7\u00e3o do Museu Hist\u00f3rico e Pedag\u00f3gico Zequinha de Abreu<\/p>\n<p>A Secretaria de Cultura e Economia Criativa do Estado de S\u00e3o Paulo, por meio da Unidade de Preserva\u00e7\u00e3o do Patrim\u00f4nio Museol\u00f3gico (UPPM) e do Sistema Estadual de Museus (SISEM-SP), realiza, no dia 28 de mar\u00e7o (segunda-feira), Audi\u00eancia P\u00fablica para apresentar e debater a proposta de doa\u00e7\u00e3o do acervo museol\u00f3gico e bens m\u00f3veis de propriedade do Estado de S\u00e3o Paulo, instalados no Museu Hist\u00f3rico e Pedag\u00f3gico Zequinha de Abreu, em Santa Rita do Passa Quatro (SP).<\/p>\n<p>A Audi\u00eancia atende \u00e0s exig\u00eancias legais para a realiza\u00e7\u00e3o do processo de municipaliza\u00e7\u00e3o da institui\u00e7\u00e3o. A sess\u00e3o \u00e9 de grande import\u00e2ncia e espera-se ampla participa\u00e7\u00e3o da popula\u00e7\u00e3o de Santa Rita do Passa Quatro, assim como de profissionais ligados a entidades cient\u00edficas e culturais da cidade e da regi\u00e3o. O evento ser\u00e1 \u00e0s 19h00 e ocorrer\u00e1 de modo virtual, pela Plataforma Teams. \u00c9 necess\u00e1ria a realiza\u00e7\u00e3o de inscri\u00e7\u00e3o para participa\u00e7\u00e3o na Sess\u00e3o P\u00fablica, que poder\u00e1 ser realizada at\u00e9 \u00e0s 12 horas do dia 28 de mar\u00e7o.<\/p>\n<p><strong>Servi\u00e7o:<\/strong><br \/>\nData: 28\/03\/2022 (segunda-feira)<br \/>\nLocal: Plataforma Teams<br \/>\nInscri\u00e7\u00e3o: <a href=\"https:\/\/forms.gle\/Ed7C6ceeDuAXz1z7A\" target=\"_blank\" rel=\"noopener\">https:\/\/forms.gle\/Ed7C6ceeDuAXz1z7A<\/a><br \/>\nHor\u00e1rio: 19h00<\/p>\n<p>Mais informa\u00e7\u00f5es: museus@sp.gov.br ou (11) 3339-8231<\/p>\n","protected":false},"excerpt":{"rendered":"<p>A PREFEITURA MUNICIPAL ATRAV\u00c9S DO SEU DEPARTAMENTO DE CULTURA CONVIDA A POPULA\u00c7\u00c3O PARA FAZER PARTE DESTE MOMENTO HIST\u00d3RICO PARA A<\/p>\n","protected":false},"author":1,"featured_media":6089,"comment_status":"closed","ping_status":"open","sticky":false,"template":"","format":"standard","meta":{"footnotes":""},"categories":[45,48],"tags":[],"class_list":["post-6088","post","type-post","status-publish","format-standard","has-post-thumbnail","hentry","category-comunicado","category-featured"],"_links":{"self":[{"href":"https:\/\/www.santaritadopassaquatro.sp.gov.br\/portal\/wp-json\/wp\/v2\/posts\/6088","targetHints":{"allow":["GET"]}}],"collection":[{"href":"https:\/\/www.santaritadopassaquatro.sp.gov.br\/portal\/wp-json\/wp\/v2\/posts"}],"about":[{"href":"https:\/\/www.santaritadopassaquatro.sp.gov.br\/portal\/wp-json\/wp\/v2\/types\/post"}],"author":[{"embeddable":true,"href":"https:\/\/www.santaritadopassaquatro.sp.gov.br\/portal\/wp-json\/wp\/v2\/users\/1"}],"replies":[{"embeddable":true,"href":"https:\/\/www.santaritadopassaquatro.sp.gov.br\/portal\/wp-json\/wp\/v2\/comments?post=6088"}],"version-history":[{"count":1,"href":"https:\/\/www.santaritadopassaquatro.sp.gov.br\/portal\/wp-json\/wp\/v2\/posts\/6088\/revisions"}],"predecessor-version":[{"id":6090,"href":"https:\/\/www.santaritadopassaquatro.sp.gov.br\/portal\/wp-json\/wp\/v2\/posts\/6088\/revisions\/6090"}],"wp:featuredmedia":[{"embeddable":true,"href":"https:\/\/www.santaritadopassaquatro.sp.gov.br\/portal\/wp-json\/wp\/v2\/media\/6089"}],"wp:attachment":[{"href":"https:\/\/www.santaritadopassaquatro.sp.gov.br\/portal\/wp-json\/wp\/v2\/media?parent=6088"}],"wp:term":[{"taxonomy":"category","embeddable":true,"href":"https:\/\/www.santaritadopassaquatro.sp.gov.br\/portal\/wp-json\/wp\/v2\/categories?post=6088"},{"taxonomy":"post_tag","embeddable":true,"href":"https:\/\/www.santaritadopassaquatro.sp.gov.br\/portal\/wp-json\/wp\/v2\/tags?post=6088"}],"curies":[{"name":"wp","href":"https:\/\/api.w.org\/{rel}","templated":true}]}}