{"id":6098,"date":"2022-03-30T11:23:16","date_gmt":"2022-03-30T14:23:16","guid":{"rendered":"http:\/\/www.santaritadopassaquatro.sp.gov.br\/portal\/?p=6098"},"modified":"2022-03-30T11:23:16","modified_gmt":"2022-03-30T14:23:16","slug":"treinamento-para-brigada-de-incendio-2","status":"publish","type":"post","link":"https:\/\/www.santaritadopassaquatro.sp.gov.br\/portal\/treinamento-para-brigada-de-incendio-2\/","title":{"rendered":"TREINAMENTO PARA BRIGADA DE INC\u00caNDIO"},"content":{"rendered":"<p>No dia 08 de abril de 2022, \u00e0s 10:00h, o Cabo Daniel Corr\u00eaa Sim\u00f5es, do 2\u00b0 Pelot\u00e3o de Bombeiros de Porto Ferreira &#8211; 4\u00b0 SGB \/ 9\u00b0 GB e Hudson Mour\u00e3o Colombo do Sest\/Senat, realizar\u00e3o um Treinamento para Brigada de Inc\u00eandio em nosso munic\u00edpio, que ocorrer\u00e1 de forma te\u00f3rica no Centro Cultural e Museu Zito Spadon, e pr\u00e1tica no Clube de Campo Municipal, obedecendo os protocolos vigentes de seguran\u00e7a com rela\u00e7\u00e3o \u00e0 pandemia COVID-19.<br \/>\nInscri\u00e7\u00f5es no Departamento de Agricultura e Meio Ambiente, atrav\u00e9s dos telefones (19) 3582-9004 \/ 3582-9007.<\/p>\n","protected":false},"excerpt":{"rendered":"<p>No dia 08 de abril de 2022, \u00e0s 10:00h, o Cabo Daniel Corr\u00eaa Sim\u00f5es, do 2\u00b0 Pelot\u00e3o de Bombeiros de<\/p>\n","protected":false},"author":1,"featured_media":6099,"comment_status":"closed","ping_status":"open","sticky":false,"template":"","format":"standard","meta":{"footnotes":""},"categories":[48],"tags":[],"class_list":["post-6098","post","type-post","status-publish","format-standard","has-post-thumbnail","hentry","category-featured"],"_links":{"self":[{"href":"https:\/\/www.santaritadopassaquatro.sp.gov.br\/portal\/wp-json\/wp\/v2\/posts\/6098","targetHints":{"allow":["GET"]}}],"collection":[{"href":"https:\/\/www.santaritadopassaquatro.sp.gov.br\/portal\/wp-json\/wp\/v2\/posts"}],"about":[{"href":"https:\/\/www.santaritadopassaquatro.sp.gov.br\/portal\/wp-json\/wp\/v2\/types\/post"}],"author":[{"embeddable":true,"href":"https:\/\/www.santaritadopassaquatro.sp.gov.br\/portal\/wp-json\/wp\/v2\/users\/1"}],"replies":[{"embeddable":true,"href":"https:\/\/www.santaritadopassaquatro.sp.gov.br\/portal\/wp-json\/wp\/v2\/comments?post=6098"}],"version-history":[{"count":1,"href":"https:\/\/www.santaritadopassaquatro.sp.gov.br\/portal\/wp-json\/wp\/v2\/posts\/6098\/revisions"}],"predecessor-version":[{"id":6100,"href":"https:\/\/www.santaritadopassaquatro.sp.gov.br\/portal\/wp-json\/wp\/v2\/posts\/6098\/revisions\/6100"}],"wp:featuredmedia":[{"embeddable":true,"href":"https:\/\/www.santaritadopassaquatro.sp.gov.br\/portal\/wp-json\/wp\/v2\/media\/6099"}],"wp:attachment":[{"href":"https:\/\/www.santaritadopassaquatro.sp.gov.br\/portal\/wp-json\/wp\/v2\/media?parent=6098"}],"wp:term":[{"taxonomy":"category","embeddable":true,"href":"https:\/\/www.santaritadopassaquatro.sp.gov.br\/portal\/wp-json\/wp\/v2\/categories?post=6098"},{"taxonomy":"post_tag","embeddable":true,"href":"https:\/\/www.santaritadopassaquatro.sp.gov.br\/portal\/wp-json\/wp\/v2\/tags?post=6098"}],"curies":[{"name":"wp","href":"https:\/\/api.w.org\/{rel}","templated":true}]}}