{"id":6157,"date":"2022-04-01T14:37:44","date_gmt":"2022-04-01T17:37:44","guid":{"rendered":"http:\/\/www.santaritadopassaquatro.sp.gov.br\/portal\/?p=6157"},"modified":"2022-04-01T14:37:44","modified_gmt":"2022-04-01T17:37:44","slug":"ponto-mis","status":"publish","type":"post","link":"https:\/\/www.santaritadopassaquatro.sp.gov.br\/portal\/ponto-mis\/","title":{"rendered":"\u201cPONTO MIS\u201d"},"content":{"rendered":"<p>O Departamento de Cultura da Prefeitura Municipal tem o prazer de anunciar a continuidade das parcerias culturais com o \u201cPONTO MIS\u201d e agora iniciando as oficinas PRESENCIAIS<\/p>\n<p>Oficina: Anita Malfatti \u2013 O Retrato do Modernismo<br \/>\nDia: 05 de abril<br \/>\nHor\u00e1rio: 18:00 as 22:00<br \/>\nLocal: Centro Cultural Governador M\u00e1rio Covas<br \/>\nPra\u00e7a Jos\u00e9 Gonso, s\/n, Cinelandia<br \/>\nSanta Rita do Passa Quatro<br \/>\nContato Departamento de Cultura 19 3584 5974<br \/>\nClassifica\u00e7\u00e3o et\u00e1ria: para maiores de 14 anos.<br \/>\nInscri\u00e7\u00e3o gratuita: 20 vagas<br \/>\nobrigat\u00f3ria a inscri\u00e7\u00e3o atrav\u00e9s do link: https:\/\/forms.gle\/Bqyyb1GeRoxi5DF77<br \/>\nMetodologia: aula te\u00f3rica e sa\u00edda pr\u00e1tica.<br \/>\nPr\u00e9-requisito: n\u00e3o \u00e9 necess\u00e1rio possuir c\u00e2mera fotogr\u00e1fica digital ou anal\u00f3gica para participar da oficina. Por\u00e9m, se o aluno possuir (opcional), levar o(s) aparelho(s).<\/p>\n<p>PRIMEIRA PARTE (2 horas) \u2013 A Semana de Arte Moderna \u2013 Anita Malfatti<br \/>\nSINOPSE A oficina ter\u00e1 como ponto de partida mostrar aos participantes a import\u00e2ncia do movimento art\u00edstico do modernismo brasileiro, o contexto hist\u00f3rico, os principais artistas e suas obras. Dentre os v\u00e1rios artistas que compuseram a semana de arte moderna de 1922, a \u00eanfase ser\u00e1 na biografia de Anita Malfatti (1889 \u2013 1964). A proponente mostrar\u00e1 suas principais obras, suas refer\u00eancias e sua inova\u00e7\u00e3o est\u00e9tica.<br \/>\nOBJETIVO<br \/>\nAos participantes, o objetivo \u00e9 que possuam conhecimento deste importante movimento art\u00edstico, obtendo mais repert\u00f3rio imag\u00e9tico, buscando afinar o olhar, o senso est\u00e9tico, entendendo as diversas linguagens dos artistas apresentados.<br \/>\nConte\u00fado Program\u00e1tico: &#8211; PRESENCIAL TE\u00d3RICA<br \/>\n&#8211; A Semana de Arte Moderna \u2013 o movimento art\u00edstico-cultural; &#8211; As influ\u00eancias europeias; &#8211; O contexto hist\u00f3rico; &#8211; Conceitos apresentados; &#8211; Principais Artistas da Semana de 1922; &#8211; Acontecimentos da Semana de Arte Moderna;<br \/>\n&#8211; Desdobramentos da Semana de 1922;<br \/>\n&#8211; Caracter\u00edsticas das suas obras:<br \/>\n&#8211; A proposital falta de ilusionismo, isto \u00e9, de perspectiva;<br \/>\n&#8211; Sua est\u00e9tica: cores, pinceladas, cortes;<br \/>\n&#8211; A convers\u00e3o da luz em cor, e da cor em an\u00e1lise do espectro crom\u00e1tico;<\/p>\n<p>SEGUNDA PARTE (2 horas) \u2013 Aula Pr\u00e1tica \u2013 Sa\u00edda Fotogr\u00e1fica<br \/>\nOBJETIVO<br \/>\nA observa\u00e7\u00e3o e registros atrav\u00e9s do(s) aparelho(s) fotogr\u00e1fico(s). As in\u00fameras possibilidades est\u00e9ticas que os participantes podem realizar, pautados sempre no tema: 100 Anos da Semana de Arte Moderna \u2013 especialmente com as obras de Anita Malfatti. Permitindo aos participantes o fruir, o rompimento dos estigmas cl\u00e1ssicos, a desenvoltura livre, a investiga\u00e7\u00e3o na gram\u00e1tica das cores utilizadas pela artista e a releitura atrav\u00e9s da c\u00e2mera e das loca\u00e7\u00f5es dispon\u00edveis nos munic\u00edpios escolhidos.<\/p>\n<p>Sobre a oficineira:<\/p>\n<p>Fot\u00f3grafa formada e p\u00f3s-graduada pela FASM. Participou de diversos cursos em Mil\u00e3o \u2013 It\u00e1lia, nas \u00e1reas de Fotografia de Moda e Still Life. Trabalhou na Revista Italiana Moda Pelle, na execu\u00e7\u00e3o de editoriais. Atuou como docente de Fotografia na FASM, Escola S\u00e3o Paulo, IED &#8211; Istituto Europeo di Design, SESC, Centro Universit\u00e1rio Belas Artes, Secretaria Municipal de Cultura de S\u00e3o Paulo.<\/p>\n<p style=\"text-align: center;\"><img decoding=\"async\" class=\"aligncenter size-full wp-image-6158\" src=\"http:\/\/www.santaritadopassaquatro.sp.gov.br\/portal\/wp-content\/uploads\/2022\/04\/11f7dd08-9454-4340-a5f4-b23dd94bec6b.jpg\" alt=\"\" width=\"1080\" height=\"1080\" \/><\/p>\n","protected":false},"excerpt":{"rendered":"<p>O Departamento de Cultura da Prefeitura Municipal tem o prazer de anunciar a continuidade das parcerias culturais com o \u201cPONTO<\/p>\n","protected":false},"author":1,"featured_media":6159,"comment_status":"closed","ping_status":"open","sticky":false,"template":"","format":"standard","meta":{"footnotes":""},"categories":[46,52],"tags":[],"class_list":["post-6157","post","type-post","status-publish","format-standard","has-post-thumbnail","hentry","category-cultura","category-latest"],"_links":{"self":[{"href":"https:\/\/www.santaritadopassaquatro.sp.gov.br\/portal\/wp-json\/wp\/v2\/posts\/6157","targetHints":{"allow":["GET"]}}],"collection":[{"href":"https:\/\/www.santaritadopassaquatro.sp.gov.br\/portal\/wp-json\/wp\/v2\/posts"}],"about":[{"href":"https:\/\/www.santaritadopassaquatro.sp.gov.br\/portal\/wp-json\/wp\/v2\/types\/post"}],"author":[{"embeddable":true,"href":"https:\/\/www.santaritadopassaquatro.sp.gov.br\/portal\/wp-json\/wp\/v2\/users\/1"}],"replies":[{"embeddable":true,"href":"https:\/\/www.santaritadopassaquatro.sp.gov.br\/portal\/wp-json\/wp\/v2\/comments?post=6157"}],"version-history":[{"count":1,"href":"https:\/\/www.santaritadopassaquatro.sp.gov.br\/portal\/wp-json\/wp\/v2\/posts\/6157\/revisions"}],"predecessor-version":[{"id":6160,"href":"https:\/\/www.santaritadopassaquatro.sp.gov.br\/portal\/wp-json\/wp\/v2\/posts\/6157\/revisions\/6160"}],"wp:featuredmedia":[{"embeddable":true,"href":"https:\/\/www.santaritadopassaquatro.sp.gov.br\/portal\/wp-json\/wp\/v2\/media\/6159"}],"wp:attachment":[{"href":"https:\/\/www.santaritadopassaquatro.sp.gov.br\/portal\/wp-json\/wp\/v2\/media?parent=6157"}],"wp:term":[{"taxonomy":"category","embeddable":true,"href":"https:\/\/www.santaritadopassaquatro.sp.gov.br\/portal\/wp-json\/wp\/v2\/categories?post=6157"},{"taxonomy":"post_tag","embeddable":true,"href":"https:\/\/www.santaritadopassaquatro.sp.gov.br\/portal\/wp-json\/wp\/v2\/tags?post=6157"}],"curies":[{"name":"wp","href":"https:\/\/api.w.org\/{rel}","templated":true}]}}