{"id":6164,"date":"2022-04-01T14:41:40","date_gmt":"2022-04-01T17:41:40","guid":{"rendered":"http:\/\/www.santaritadopassaquatro.sp.gov.br\/portal\/?p=6164"},"modified":"2022-04-01T14:41:40","modified_gmt":"2022-04-01T17:41:40","slug":"santa-rita-esta-escalada-para-a-taca-eptv-de-futsal-2022","status":"publish","type":"post","link":"https:\/\/www.santaritadopassaquatro.sp.gov.br\/portal\/santa-rita-esta-escalada-para-a-taca-eptv-de-futsal-2022\/","title":{"rendered":"SANTA RITA EST\u00c1 ESCALADA PARA A TA\u00c7A EPTV DE FUTSAL 2022"},"content":{"rendered":"<p>O Departamento de Esportes e Lazer finalizou a escala\u00e7\u00e3o para a disputa da Ta\u00e7a EPTV de Futsal 2022. Santa Rita contar\u00e1 com 15 jogadores, sendo comandados por 6 integrantes da comiss\u00e3o t\u00e9cnica.<\/p>\n<p>40 times participantes ser\u00e3o divididos em 13 grupos, sendo 12 com tr\u00eas equipes e um deles com quatro equipes.<\/p>\n<p>O jogo de estreia do torneio ser\u00e1 no dia 1\u00ba de abril, no gin\u00e1sio Municipal de Esportes Marcelo Ribeiro, em Caconde, munic\u00edpio que recebe a abertura da competi\u00e7\u00e3o pela primeira vez. Antes, \u00e0s 18h30, haver\u00e1 um desfile com todas as delega\u00e7\u00f5es das cidades que disputar\u00e3o a Ta\u00e7a EPTV Central.<\/p>\n<p>Santa Rita est\u00e1 no Grupo 1 do Grupamento 2 que conta com Santa Cruz da Concei\u00e7\u00e3o e S\u00e3o Jos\u00e9 do Rio Pardo.<\/p>\n<p>O jogo de estreia ser\u00e1 no dia 11 de abril, contra a equipe de Santa Cruz da Concei\u00e7\u00e3o, \u00e0s 20h45, fora de casa.<\/p>\n<p>#ta\u00e7aEPTV #srpq #esporte<\/p>\n<p style=\"text-align: center;\"><img decoding=\"async\" class=\"aligncenter size-full wp-image-6166\" src=\"http:\/\/www.santaritadopassaquatro.sp.gov.br\/portal\/wp-content\/uploads\/2022\/04\/e4d03f9a-ece0-4ef6-968d-08b7c0fbce71.jpg\" alt=\"\" width=\"1080\" height=\"1080\" \/> <img decoding=\"async\" class=\"aligncenter size-full wp-image-6165\" src=\"http:\/\/www.santaritadopassaquatro.sp.gov.br\/portal\/wp-content\/uploads\/2022\/04\/b17802ce-b725-4365-b765-513a64a5c1d5.jpg\" alt=\"\" width=\"1080\" height=\"1080\" \/><\/p>\n","protected":false},"excerpt":{"rendered":"<p>O Departamento de Esportes e Lazer finalizou a escala\u00e7\u00e3o para a disputa da Ta\u00e7a EPTV de Futsal 2022. Santa Rita<\/p>\n","protected":false},"author":1,"featured_media":6167,"comment_status":"closed","ping_status":"open","sticky":false,"template":"","format":"standard","meta":{"footnotes":""},"categories":[48,51],"tags":[],"class_list":["post-6164","post","type-post","status-publish","format-standard","has-post-thumbnail","hentry","category-featured","category-sports"],"_links":{"self":[{"href":"https:\/\/www.santaritadopassaquatro.sp.gov.br\/portal\/wp-json\/wp\/v2\/posts\/6164","targetHints":{"allow":["GET"]}}],"collection":[{"href":"https:\/\/www.santaritadopassaquatro.sp.gov.br\/portal\/wp-json\/wp\/v2\/posts"}],"about":[{"href":"https:\/\/www.santaritadopassaquatro.sp.gov.br\/portal\/wp-json\/wp\/v2\/types\/post"}],"author":[{"embeddable":true,"href":"https:\/\/www.santaritadopassaquatro.sp.gov.br\/portal\/wp-json\/wp\/v2\/users\/1"}],"replies":[{"embeddable":true,"href":"https:\/\/www.santaritadopassaquatro.sp.gov.br\/portal\/wp-json\/wp\/v2\/comments?post=6164"}],"version-history":[{"count":1,"href":"https:\/\/www.santaritadopassaquatro.sp.gov.br\/portal\/wp-json\/wp\/v2\/posts\/6164\/revisions"}],"predecessor-version":[{"id":6168,"href":"https:\/\/www.santaritadopassaquatro.sp.gov.br\/portal\/wp-json\/wp\/v2\/posts\/6164\/revisions\/6168"}],"wp:featuredmedia":[{"embeddable":true,"href":"https:\/\/www.santaritadopassaquatro.sp.gov.br\/portal\/wp-json\/wp\/v2\/media\/6167"}],"wp:attachment":[{"href":"https:\/\/www.santaritadopassaquatro.sp.gov.br\/portal\/wp-json\/wp\/v2\/media?parent=6164"}],"wp:term":[{"taxonomy":"category","embeddable":true,"href":"https:\/\/www.santaritadopassaquatro.sp.gov.br\/portal\/wp-json\/wp\/v2\/categories?post=6164"},{"taxonomy":"post_tag","embeddable":true,"href":"https:\/\/www.santaritadopassaquatro.sp.gov.br\/portal\/wp-json\/wp\/v2\/tags?post=6164"}],"curies":[{"name":"wp","href":"https:\/\/api.w.org\/{rel}","templated":true}]}}