{"id":6179,"date":"2022-04-05T00:24:15","date_gmt":"2022-04-05T03:24:15","guid":{"rendered":"http:\/\/www.santaritadopassaquatro.sp.gov.br\/portal\/?p=6179"},"modified":"2022-04-05T00:26:32","modified_gmt":"2022-04-05T03:26:32","slug":"diretora-de-assistencia-social-participa-de-reuniao-do-coegemas","status":"publish","type":"post","link":"https:\/\/www.santaritadopassaquatro.sp.gov.br\/portal\/diretora-de-assistencia-social-participa-de-reuniao-do-coegemas\/","title":{"rendered":"DIRETORA DE ASSIST\u00caNCIA SOCIAL PARTICIPA DE REUNI\u00c3O DO COEGEMAS"},"content":{"rendered":"<p>Nessa quarta-feira (30), Patr\u00edcia de C\u00e1ssia Jord\u00e3o Mion, Diretora do Departamento de Promo\u00e7\u00e3o e Assist\u00eancia Social, e Silmara Fadel \u2013 Coordenadora de Programas do departamento, participaram da \u201c2\u00b0 Assembleia Geral Ordin\u00e1ria da Associa\u00e7\u00e3o da Frente Paulista dos Dirigentes P\u00fablicos Municipais da Assist\u00eancia Social \u2013 COEGEMAS\u201d.<\/p>\n<p>Em virtude do contexto atual, o Colegiado trouxe o tema: \u201cTrabalho Social com Fam\u00edlias\u201d, palestra ministrada pela Renata Ferreira, abordando desafios de uma gest\u00e3o estrat\u00e9gica para gestores municipais, atrav\u00e9s do SUAS \u2013 Sistema \u00danico da Assist\u00eancia Social, frente as novas demandas devido a pandemia.<\/p>\n<p>#srpq #responsabilidadesocial<\/p>\n<p style=\"text-align: center;\"><img decoding=\"async\" class=\"aligncenter size-full wp-image-6182\" src=\"http:\/\/www.santaritadopassaquatro.sp.gov.br\/portal\/wp-content\/uploads\/2022\/04\/a71ef038-7525-4fb7-af80-6cfb06c44d0e.jpg\" alt=\"\" width=\"1080\" height=\"1080\" \/> <img decoding=\"async\" class=\"aligncenter size-full wp-image-6181\" src=\"http:\/\/www.santaritadopassaquatro.sp.gov.br\/portal\/wp-content\/uploads\/2022\/04\/67396606-bbb7-4fea-99e6-56a6ddcaed7f.jpg\" alt=\"\" width=\"1080\" height=\"1080\" \/> <img decoding=\"async\" class=\"aligncenter size-full wp-image-6180\" src=\"http:\/\/www.santaritadopassaquatro.sp.gov.br\/portal\/wp-content\/uploads\/2022\/04\/216fc61e-fd12-4ae5-93c4-a6d28a3e8f5c.jpg\" alt=\"\" width=\"1080\" height=\"1080\" \/><\/p>\n","protected":false},"excerpt":{"rendered":"<p>Nessa quarta-feira (30), Patr\u00edcia de C\u00e1ssia Jord\u00e3o Mion, Diretora do Departamento de Promo\u00e7\u00e3o e Assist\u00eancia Social, e Silmara Fadel \u2013<\/p>\n","protected":false},"author":1,"featured_media":6185,"comment_status":"closed","ping_status":"open","sticky":false,"template":"","format":"standard","meta":{"footnotes":""},"categories":[43,48],"tags":[],"class_list":["post-6179","post","type-post","status-publish","format-standard","has-post-thumbnail","hentry","category-assistenciasocial","category-featured"],"_links":{"self":[{"href":"https:\/\/www.santaritadopassaquatro.sp.gov.br\/portal\/wp-json\/wp\/v2\/posts\/6179","targetHints":{"allow":["GET"]}}],"collection":[{"href":"https:\/\/www.santaritadopassaquatro.sp.gov.br\/portal\/wp-json\/wp\/v2\/posts"}],"about":[{"href":"https:\/\/www.santaritadopassaquatro.sp.gov.br\/portal\/wp-json\/wp\/v2\/types\/post"}],"author":[{"embeddable":true,"href":"https:\/\/www.santaritadopassaquatro.sp.gov.br\/portal\/wp-json\/wp\/v2\/users\/1"}],"replies":[{"embeddable":true,"href":"https:\/\/www.santaritadopassaquatro.sp.gov.br\/portal\/wp-json\/wp\/v2\/comments?post=6179"}],"version-history":[{"count":1,"href":"https:\/\/www.santaritadopassaquatro.sp.gov.br\/portal\/wp-json\/wp\/v2\/posts\/6179\/revisions"}],"predecessor-version":[{"id":6184,"href":"https:\/\/www.santaritadopassaquatro.sp.gov.br\/portal\/wp-json\/wp\/v2\/posts\/6179\/revisions\/6184"}],"wp:featuredmedia":[{"embeddable":true,"href":"https:\/\/www.santaritadopassaquatro.sp.gov.br\/portal\/wp-json\/wp\/v2\/media\/6185"}],"wp:attachment":[{"href":"https:\/\/www.santaritadopassaquatro.sp.gov.br\/portal\/wp-json\/wp\/v2\/media?parent=6179"}],"wp:term":[{"taxonomy":"category","embeddable":true,"href":"https:\/\/www.santaritadopassaquatro.sp.gov.br\/portal\/wp-json\/wp\/v2\/categories?post=6179"},{"taxonomy":"post_tag","embeddable":true,"href":"https:\/\/www.santaritadopassaquatro.sp.gov.br\/portal\/wp-json\/wp\/v2\/tags?post=6179"}],"curies":[{"name":"wp","href":"https:\/\/api.w.org\/{rel}","templated":true}]}}