{"id":6186,"date":"2022-04-05T00:28:48","date_gmt":"2022-04-05T03:28:48","guid":{"rendered":"http:\/\/www.santaritadopassaquatro.sp.gov.br\/portal\/?p=6186"},"modified":"2022-04-05T00:28:48","modified_gmt":"2022-04-05T03:28:48","slug":"conselho-municipal-de-politica-cultural","status":"publish","type":"post","link":"https:\/\/www.santaritadopassaquatro.sp.gov.br\/portal\/conselho-municipal-de-politica-cultural\/","title":{"rendered":"CONSELHO MUNICIPAL DE POL\u00cdTICA CULTURAL"},"content":{"rendered":"<p>CONSELHO MUNICIPAL DE POL\u00cdTICA CULTURAL<br \/>\nUM VIVA \u00c0 MAIS UM PASSO PELA IMPLEMENTA\u00c7\u00c3O DE POL\u00cdTICAS P\u00daBLICAS!!!<\/p>\n<p>Nesta sexta feira dia 01 de abril de 2022, neste Munic\u00edpio de Santa Rita do Passa Quatro, Estado de S\u00e3o Paulo, realizou-se a Elei\u00e7\u00e3o dos membros do Conselho Municipal de Pol\u00edtica Cultural &#8211; CMPC, no Museu Hist\u00f3rico e Pedag\u00f3gico Zequinha de Abreu, conforme estabelecido na portaria n\u00ba 157 publicada em 04 de mar\u00e7o de 2022, no di\u00e1rio oficial deste munic\u00edpio e nos termos do artigo 40\u00ba da lei 3.663 de 09 de Dezembro de 2021, do munic\u00edpio.<\/p>\n<p>Previamente \u00e0 elei\u00e7\u00e3o, foi aberto o per\u00edodo de candidatura do 21\/03\/2022 a 25\/03\/2022, tendo se candidatado 14 membros da sociedade.<br \/>\nAp\u00f3s o encerramento da vota\u00e7\u00e3o, a apura\u00e7\u00e3o foi realizada pela comiss\u00e3o provis\u00f3ria de organiza\u00e7\u00e3o e acompanhamento do processo eleitoral conforme portaria 017, 25 de janeiro 2022, que se deu de maneira p\u00fablica e aberta a todos os interessados a partir das 17h30 horas no mesmo dia e local da vota\u00e7\u00e3o.<\/p>\n<p>Na apura\u00e7\u00e3o dos votos, foram contabilizadas 217 c\u00e9dulas que corresponderam \u00e0 lista de presen\u00e7a sendo um total de 1498 votos v\u00e1lidos e 3 c\u00e9dulas anuladas, por n\u00e3o terem atendido \u00e0 regra de assinalar 7 candidatos por c\u00e9dula<\/p>\n<p>Cada candidato recebeu o seguinte n\u00famero de votos:<br \/>\n1 \u2013 DELSO PIRAN JUNIOR &#8211; 160<br \/>\n2 \u2013 LETICIA SILVA ARANTES &#8211; 144<br \/>\n3 \u2013 DENISE APARECIDA IN\u00c1CIO SERAFIN &#8211; 141<br \/>\n4 \u2013 JO\u00c3O VITOR FRUTUOSO \u2013 127<br \/>\n5 \u2013 AD\u00c3O NILDO LEME DE SOUZA \u2013 122<br \/>\n6 \u2013 ANA CAROLINA REZEDES CONCEI\u00c7\u00c3O \u2013 121<br \/>\n7 \u2013 WILLIAN CESAR EULALIO \u2013 113<br \/>\n8 \u2013 IGOR MARTINS LIMA \u2013 110<br \/>\n9 \u2013 DANIELA DE PAULA RUANO \u2013 95<br \/>\n10 \u2013 JOS\u00c9 AUGUSTO SILVERIO \u2013 87<br \/>\n11 \u2013 ARLENE DE C\u00c1SSIA DINIZ P. ALVES \u2013 76<br \/>\n12 \u2013 DANILO CARDOSO IUAN \u2013 74<br \/>\n13 \u2013 FELIPPE GUSTAVO DUARTE &#8211; 66<br \/>\n14 \u2013 MARCOS BERNARDO ALCANTARILLA \u2013 62<\/p>\n<p>Portanto, conforme os crit\u00e9rios de n\u00fameros de votos os membros titulares\/ membros suplentes da sociedade civil ficaram definidos da seguinte maneira<br \/>\n1- DELSO PIRAN JUNIOR \/ IGOR MARTINS LIMA<br \/>\n2 \u2013 LETICIA SILVA \/ DANIELA DE PAULA RUANO<br \/>\n3 \u2013 DENISE APARECIDA IN\u00c1CIO SERAFIN \/ JOS\u00c9 AUGUSTO SILVERIO<br \/>\n4 \u2013 JO\u00c3O VITOR FRUTUOSO \/ ARLENE DE C\u00c1SSIA DINIZ P. ALVES<br \/>\n5 \u2013 AD\u00c3O NILDO LEME DE SOUZA \/ DANILO CARDOSO IUAN<br \/>\n6 \u2013 ANA CAROLINA REZEDES CONCEI\u00c7\u00c3O \/ FELIPPE GUSTAVO DUARTE<br \/>\n7 \u2013 WILLIAN CESAR EULALIO\/ MARCOS BERNARDO ALCANTARILLA<\/p>\n","protected":false},"excerpt":{"rendered":"<p>CONSELHO MUNICIPAL DE POL\u00cdTICA CULTURAL UM VIVA \u00c0 MAIS UM PASSO PELA IMPLEMENTA\u00c7\u00c3O DE POL\u00cdTICAS P\u00daBLICAS!!! Nesta sexta feira dia<\/p>\n","protected":false},"author":1,"featured_media":6187,"comment_status":"closed","ping_status":"open","sticky":false,"template":"","format":"standard","meta":{"footnotes":""},"categories":[37],"tags":[],"class_list":["post-6186","post","type-post","status-publish","format-standard","has-post-thumbnail","hentry","category-conselhos-municipais"],"_links":{"self":[{"href":"https:\/\/www.santaritadopassaquatro.sp.gov.br\/portal\/wp-json\/wp\/v2\/posts\/6186","targetHints":{"allow":["GET"]}}],"collection":[{"href":"https:\/\/www.santaritadopassaquatro.sp.gov.br\/portal\/wp-json\/wp\/v2\/posts"}],"about":[{"href":"https:\/\/www.santaritadopassaquatro.sp.gov.br\/portal\/wp-json\/wp\/v2\/types\/post"}],"author":[{"embeddable":true,"href":"https:\/\/www.santaritadopassaquatro.sp.gov.br\/portal\/wp-json\/wp\/v2\/users\/1"}],"replies":[{"embeddable":true,"href":"https:\/\/www.santaritadopassaquatro.sp.gov.br\/portal\/wp-json\/wp\/v2\/comments?post=6186"}],"version-history":[{"count":1,"href":"https:\/\/www.santaritadopassaquatro.sp.gov.br\/portal\/wp-json\/wp\/v2\/posts\/6186\/revisions"}],"predecessor-version":[{"id":6188,"href":"https:\/\/www.santaritadopassaquatro.sp.gov.br\/portal\/wp-json\/wp\/v2\/posts\/6186\/revisions\/6188"}],"wp:featuredmedia":[{"embeddable":true,"href":"https:\/\/www.santaritadopassaquatro.sp.gov.br\/portal\/wp-json\/wp\/v2\/media\/6187"}],"wp:attachment":[{"href":"https:\/\/www.santaritadopassaquatro.sp.gov.br\/portal\/wp-json\/wp\/v2\/media?parent=6186"}],"wp:term":[{"taxonomy":"category","embeddable":true,"href":"https:\/\/www.santaritadopassaquatro.sp.gov.br\/portal\/wp-json\/wp\/v2\/categories?post=6186"},{"taxonomy":"post_tag","embeddable":true,"href":"https:\/\/www.santaritadopassaquatro.sp.gov.br\/portal\/wp-json\/wp\/v2\/tags?post=6186"}],"curies":[{"name":"wp","href":"https:\/\/api.w.org\/{rel}","templated":true}]}}