{"id":6226,"date":"2022-04-19T16:04:29","date_gmt":"2022-04-19T19:04:29","guid":{"rendered":"http:\/\/www.santaritadopassaquatro.sp.gov.br\/portal\/?p=6226"},"modified":"2022-04-19T16:04:29","modified_gmt":"2022-04-19T19:04:29","slug":"atribuicao-de-aulas-14","status":"publish","type":"post","link":"https:\/\/www.santaritadopassaquatro.sp.gov.br\/portal\/atribuicao-de-aulas-14\/","title":{"rendered":"ATRIBUI\u00c7\u00c3O DE AULAS"},"content":{"rendered":"<ul>\n<li><a href=\"http:\/\/www.santaritadopassaquatro.sp.gov.br\/portal\/wp-content\/uploads\/2022\/04\/ATRIBUI\u00c7\u00c3O-EMEF-MADRE-CARMELITA-20-04.pdf\" target=\"_blank\" rel=\"noopener\">ATRIBUI\u00c7\u00c3O EMEF MADRE CARMELITA &#8211; 20-04<\/a><\/li>\n<li><a href=\"http:\/\/www.santaritadopassaquatro.sp.gov.br\/portal\/wp-content\/uploads\/2022\/04\/CRONOGRAMA-ATRIBUI\u00c7\u00c3O-AULAS-2022-20-04.pdf\" target=\"_blank\" rel=\"noopener\">CRONOGRAMA ATRIBUI\u00c7\u00c3O AULAS 2022 &#8211; 20-04<\/a><\/li>\n<li><a href=\"http:\/\/www.santaritadopassaquatro.sp.gov.br\/portal\/wp-content\/uploads\/2022\/04\/EMEF-DO-CAIC-LAURA-SURIANI-BARBUIO-PEB-II-20-04.pdf\" target=\"_blank\" rel=\"noopener\">EMEF DO CAIC LAURA SURIANI BARBUIO &#8211; PEB II &#8211; 20-04<\/a><\/li>\n<\/ul>\n","protected":false},"excerpt":{"rendered":"<p>ATRIBUI\u00c7\u00c3O EMEF MADRE CARMELITA &#8211; 20-04 CRONOGRAMA ATRIBUI\u00c7\u00c3O AULAS 2022 &#8211; 20-04 EMEF DO CAIC LAURA SURIANI BARBUIO &#8211; PEB<\/p>\n","protected":false},"author":1,"featured_media":0,"comment_status":"closed","ping_status":"open","sticky":false,"template":"","format":"standard","meta":{"footnotes":""},"categories":[33],"tags":[],"class_list":["post-6226","post","type-post","status-publish","format-standard","hentry","category-atribuicao-de-aulas"],"_links":{"self":[{"href":"https:\/\/www.santaritadopassaquatro.sp.gov.br\/portal\/wp-json\/wp\/v2\/posts\/6226","targetHints":{"allow":["GET"]}}],"collection":[{"href":"https:\/\/www.santaritadopassaquatro.sp.gov.br\/portal\/wp-json\/wp\/v2\/posts"}],"about":[{"href":"https:\/\/www.santaritadopassaquatro.sp.gov.br\/portal\/wp-json\/wp\/v2\/types\/post"}],"author":[{"embeddable":true,"href":"https:\/\/www.santaritadopassaquatro.sp.gov.br\/portal\/wp-json\/wp\/v2\/users\/1"}],"replies":[{"embeddable":true,"href":"https:\/\/www.santaritadopassaquatro.sp.gov.br\/portal\/wp-json\/wp\/v2\/comments?post=6226"}],"version-history":[{"count":1,"href":"https:\/\/www.santaritadopassaquatro.sp.gov.br\/portal\/wp-json\/wp\/v2\/posts\/6226\/revisions"}],"predecessor-version":[{"id":6230,"href":"https:\/\/www.santaritadopassaquatro.sp.gov.br\/portal\/wp-json\/wp\/v2\/posts\/6226\/revisions\/6230"}],"wp:attachment":[{"href":"https:\/\/www.santaritadopassaquatro.sp.gov.br\/portal\/wp-json\/wp\/v2\/media?parent=6226"}],"wp:term":[{"taxonomy":"category","embeddable":true,"href":"https:\/\/www.santaritadopassaquatro.sp.gov.br\/portal\/wp-json\/wp\/v2\/categories?post=6226"},{"taxonomy":"post_tag","embeddable":true,"href":"https:\/\/www.santaritadopassaquatro.sp.gov.br\/portal\/wp-json\/wp\/v2\/tags?post=6226"}],"curies":[{"name":"wp","href":"https:\/\/api.w.org\/{rel}","templated":true}]}}