{"id":6240,"date":"2022-05-03T10:21:16","date_gmt":"2022-05-03T13:21:16","guid":{"rendered":"http:\/\/www.santaritadopassaquatro.sp.gov.br\/portal\/?p=6240"},"modified":"2022-05-03T10:24:26","modified_gmt":"2022-05-03T13:24:26","slug":"162-anos-de-santa-rita-do-passa-quatro-confira-as-atracoes-desta-semana","status":"publish","type":"post","link":"https:\/\/www.santaritadopassaquatro.sp.gov.br\/portal\/162-anos-de-santa-rita-do-passa-quatro-confira-as-atracoes-desta-semana\/","title":{"rendered":"162 ANOS DE SANTA RITA DO PASSA QUATRO \u2014 CONFIRA AS ATRA\u00c7\u00d5ES DESTA SEMANA"},"content":{"rendered":"<p>Dando abertura \u00e0s festividades do anivers\u00e1rio de 162 anos de Santa Rita do Passa Quatro, confira as atra\u00e7\u00f5es desta semana:<\/p>\n<p>&nbsp;<\/p>\n<p>06\/05 \u2014 BANDA CANOSSIASOM<\/p>\n<p>A Banda Canossiasom se apresentar\u00e1 na Pra\u00e7a do Santu\u00e1rio \u2014 Zequinha de Abreu, \u00e0s 21h00;<\/p>\n<p>07\/05 &#8211; Teremos o Programa Est\u00e2ncia Sertaneja, com a apresenta\u00e7\u00e3o do Juliano Modena e o show da dupla nacionalmente conhecida FELIPE E FALC\u00c3O \u00e0s 21h00<\/p>\n<p>Teremos, tamb\u00e9m, a abertura do show com as duplas LUCIANO VIOLEIRO &amp; JULIANO DAMAS E HUMBERTO E VIOLA &amp; LU\u00cdS FERNANDO, \u00e0s 20h00.<\/p>\n<p>#srpq162 #santarita162 #cidadepoema<\/p>\n<p style=\"text-align: center;\"><img decoding=\"async\" class=\"aligncenter size-full wp-image-6241\" src=\"http:\/\/www.santaritadopassaquatro.sp.gov.br\/portal\/wp-content\/uploads\/2022\/05\/b4d49957-1f43-446d-9cc2-7eedd61a8bd2.jpg\" alt=\"\" width=\"1024\" height=\"1280\" \/><\/p>\n","protected":false},"excerpt":{"rendered":"<p>Dando abertura \u00e0s festividades do anivers\u00e1rio de 162 anos de Santa Rita do Passa Quatro, confira as atra\u00e7\u00f5es desta semana:<\/p>\n","protected":false},"author":1,"featured_media":6243,"comment_status":"closed","ping_status":"open","sticky":false,"template":"","format":"standard","meta":{"footnotes":""},"categories":[48,52],"tags":[],"class_list":["post-6240","post","type-post","status-publish","format-standard","has-post-thumbnail","hentry","category-featured","category-latest"],"_links":{"self":[{"href":"https:\/\/www.santaritadopassaquatro.sp.gov.br\/portal\/wp-json\/wp\/v2\/posts\/6240","targetHints":{"allow":["GET"]}}],"collection":[{"href":"https:\/\/www.santaritadopassaquatro.sp.gov.br\/portal\/wp-json\/wp\/v2\/posts"}],"about":[{"href":"https:\/\/www.santaritadopassaquatro.sp.gov.br\/portal\/wp-json\/wp\/v2\/types\/post"}],"author":[{"embeddable":true,"href":"https:\/\/www.santaritadopassaquatro.sp.gov.br\/portal\/wp-json\/wp\/v2\/users\/1"}],"replies":[{"embeddable":true,"href":"https:\/\/www.santaritadopassaquatro.sp.gov.br\/portal\/wp-json\/wp\/v2\/comments?post=6240"}],"version-history":[{"count":2,"href":"https:\/\/www.santaritadopassaquatro.sp.gov.br\/portal\/wp-json\/wp\/v2\/posts\/6240\/revisions"}],"predecessor-version":[{"id":6244,"href":"https:\/\/www.santaritadopassaquatro.sp.gov.br\/portal\/wp-json\/wp\/v2\/posts\/6240\/revisions\/6244"}],"wp:featuredmedia":[{"embeddable":true,"href":"https:\/\/www.santaritadopassaquatro.sp.gov.br\/portal\/wp-json\/wp\/v2\/media\/6243"}],"wp:attachment":[{"href":"https:\/\/www.santaritadopassaquatro.sp.gov.br\/portal\/wp-json\/wp\/v2\/media?parent=6240"}],"wp:term":[{"taxonomy":"category","embeddable":true,"href":"https:\/\/www.santaritadopassaquatro.sp.gov.br\/portal\/wp-json\/wp\/v2\/categories?post=6240"},{"taxonomy":"post_tag","embeddable":true,"href":"https:\/\/www.santaritadopassaquatro.sp.gov.br\/portal\/wp-json\/wp\/v2\/tags?post=6240"}],"curies":[{"name":"wp","href":"https:\/\/api.w.org\/{rel}","templated":true}]}}