{"id":6269,"date":"2022-05-30T11:03:39","date_gmt":"2022-05-30T14:03:39","guid":{"rendered":"http:\/\/www.santaritadopassaquatro.sp.gov.br\/portal\/?p=6269"},"modified":"2022-05-30T11:03:39","modified_gmt":"2022-05-30T14:03:39","slug":"acao-de-educacao-ambiental-no-espaco-de-educacao-ambiental","status":"publish","type":"post","link":"https:\/\/www.santaritadopassaquatro.sp.gov.br\/portal\/acao-de-educacao-ambiental-no-espaco-de-educacao-ambiental\/","title":{"rendered":"A\u00e7\u00e3o de Educa\u00e7\u00e3o Ambiental no Espa\u00e7o de Educa\u00e7\u00e3o Ambiental"},"content":{"rendered":"<p>Nos dias 26 e 27 de maio os alunos da EMEI \u201cM\u00e1ria Am\u00e9lia Vanzella de Gobbi\u201d participaram de atividades no Espa\u00e7o de Educa\u00e7\u00e3o Ambiental.<br \/>\nA colaboradora Ana Vict\u00f3ria recebeu as crian\u00e7as dos Jardins I e II, que participaram das atividades com tema em \u00e1gua e biodiversidade, a a\u00e7\u00e3o faz parte do cronograma especialmente preparado para o Dia Mundial do Meio Ambiente (05\/06\/2022).<br \/>\nAl\u00e9m das din\u00e2micas e brincadeiras, foi realizado o plantio de uma \u00e1rvore nas depend\u00eancias do Departamento de Agricultura e Meio Ambiente, colocando em pr\u00e1tica o que foi aprendido durante as a\u00e7\u00f5es.<\/p>\n<p><img decoding=\"async\" class=\"aligncenter size-full wp-image-6270\" src=\"http:\/\/www.santaritadopassaquatro.sp.gov.br\/portal\/wp-content\/uploads\/2022\/05\/7e59b5f1-2253-4948-b77a-22bfedadf4ef.jpg\" alt=\"\" width=\"1080\" height=\"1080\" \/> <img decoding=\"async\" class=\"aligncenter size-large wp-image-6271\" src=\"http:\/\/www.santaritadopassaquatro.sp.gov.br\/portal\/wp-content\/uploads\/2022\/05\/08043b19-05a5-4b29-93d1-04a577db1d95.jpg\" alt=\"\" width=\"800\" height=\"800\" \/> <img decoding=\"async\" class=\"aligncenter size-large wp-image-6272\" src=\"http:\/\/www.santaritadopassaquatro.sp.gov.br\/portal\/wp-content\/uploads\/2022\/05\/a23ef3be-a18a-4c1a-8334-528e72146730.jpg\" alt=\"\" width=\"800\" height=\"800\" \/> <img decoding=\"async\" class=\"aligncenter size-large wp-image-6273\" src=\"http:\/\/www.santaritadopassaquatro.sp.gov.br\/portal\/wp-content\/uploads\/2022\/05\/afedbdca-0f89-4cce-abc6-1784db3b426c.jpg\" alt=\"\" width=\"800\" height=\"800\" \/> <img decoding=\"async\" class=\"aligncenter size-large wp-image-6274\" src=\"http:\/\/www.santaritadopassaquatro.sp.gov.br\/portal\/wp-content\/uploads\/2022\/05\/b85b3ad1-41e7-48c2-afb7-4ecf027fc049.jpg\" alt=\"\" width=\"800\" height=\"800\" \/> <img decoding=\"async\" class=\"aligncenter size-large wp-image-6275\" src=\"http:\/\/www.santaritadopassaquatro.sp.gov.br\/portal\/wp-content\/uploads\/2022\/05\/c9f4617c-cbd9-4b9e-9558-f554880cb104.jpg\" alt=\"\" width=\"800\" height=\"800\" \/><\/p>\n","protected":false},"excerpt":{"rendered":"<p>Nos dias 26 e 27 de maio os alunos da EMEI \u201cM\u00e1ria Am\u00e9lia Vanzella de Gobbi\u201d participaram de atividades no<\/p>\n","protected":false},"author":1,"featured_media":6273,"comment_status":"closed","ping_status":"open","sticky":false,"template":"","format":"standard","meta":{"footnotes":""},"categories":[53],"tags":[],"class_list":["post-6269","post","type-post","status-publish","format-standard","has-post-thumbnail","hentry","category-meio-ambiente"],"_links":{"self":[{"href":"https:\/\/www.santaritadopassaquatro.sp.gov.br\/portal\/wp-json\/wp\/v2\/posts\/6269","targetHints":{"allow":["GET"]}}],"collection":[{"href":"https:\/\/www.santaritadopassaquatro.sp.gov.br\/portal\/wp-json\/wp\/v2\/posts"}],"about":[{"href":"https:\/\/www.santaritadopassaquatro.sp.gov.br\/portal\/wp-json\/wp\/v2\/types\/post"}],"author":[{"embeddable":true,"href":"https:\/\/www.santaritadopassaquatro.sp.gov.br\/portal\/wp-json\/wp\/v2\/users\/1"}],"replies":[{"embeddable":true,"href":"https:\/\/www.santaritadopassaquatro.sp.gov.br\/portal\/wp-json\/wp\/v2\/comments?post=6269"}],"version-history":[{"count":1,"href":"https:\/\/www.santaritadopassaquatro.sp.gov.br\/portal\/wp-json\/wp\/v2\/posts\/6269\/revisions"}],"predecessor-version":[{"id":6276,"href":"https:\/\/www.santaritadopassaquatro.sp.gov.br\/portal\/wp-json\/wp\/v2\/posts\/6269\/revisions\/6276"}],"wp:featuredmedia":[{"embeddable":true,"href":"https:\/\/www.santaritadopassaquatro.sp.gov.br\/portal\/wp-json\/wp\/v2\/media\/6273"}],"wp:attachment":[{"href":"https:\/\/www.santaritadopassaquatro.sp.gov.br\/portal\/wp-json\/wp\/v2\/media?parent=6269"}],"wp:term":[{"taxonomy":"category","embeddable":true,"href":"https:\/\/www.santaritadopassaquatro.sp.gov.br\/portal\/wp-json\/wp\/v2\/categories?post=6269"},{"taxonomy":"post_tag","embeddable":true,"href":"https:\/\/www.santaritadopassaquatro.sp.gov.br\/portal\/wp-json\/wp\/v2\/tags?post=6269"}],"curies":[{"name":"wp","href":"https:\/\/api.w.org\/{rel}","templated":true}]}}