{"id":6285,"date":"2022-05-30T16:45:29","date_gmt":"2022-05-30T19:45:29","guid":{"rendered":"http:\/\/www.santaritadopassaquatro.sp.gov.br\/portal\/?p=6285"},"modified":"2022-05-30T16:46:56","modified_gmt":"2022-05-30T19:46:56","slug":"conclusao-do-projeto-verde-vida","status":"publish","type":"post","link":"https:\/\/www.santaritadopassaquatro.sp.gov.br\/portal\/conclusao-do-projeto-verde-vida\/","title":{"rendered":"Conclus\u00e3o do Projeto Verde Vida"},"content":{"rendered":"<p>No dia 26 de maio de 2022, o colaborador Amauri Luizio Restanio do Departamento de Agricultura e Meio Ambiente, esteve presente na Escola Municipal \u201cMadre Carmelita\u201d para a conclus\u00e3o do Projeto Verde Vida, realizado pelos alunos do 5\u00ba ano B da professora Tatiane Cristina Barboza Terassi.<br \/>\nO dia foi de muita festa e confraterniza\u00e7\u00e3o, com o plantio de uma muda de Resed\u00e1 nas depend\u00eancias da escola para marcar esse projeto t\u00e3o especial.<\/p>\n<p>&nbsp;<\/p>\n<p><img decoding=\"async\" class=\"aligncenter size-full wp-image-6283\" src=\"http:\/\/www.santaritadopassaquatro.sp.gov.br\/portal\/wp-content\/uploads\/2022\/05\/bce1696e-f772-468b-b70b-0e1879bfc3fb.jpg\" alt=\"\" width=\"1080\" height=\"1080\" \/> <img decoding=\"async\" class=\"aligncenter size-full wp-image-6281\" src=\"http:\/\/www.santaritadopassaquatro.sp.gov.br\/portal\/wp-content\/uploads\/2022\/05\/1836ce6e-e0ce-4b59-877e-f9a82b985468.jpg\" alt=\"\" width=\"1080\" height=\"1080\" \/> <img decoding=\"async\" class=\"aligncenter size-full wp-image-6280\" src=\"http:\/\/www.santaritadopassaquatro.sp.gov.br\/portal\/wp-content\/uploads\/2022\/05\/796b9fe3-1941-4004-9e0d-dba3dfe07cf7.jpg\" alt=\"\" width=\"1080\" height=\"1080\" \/> <img decoding=\"async\" class=\"aligncenter size-full wp-image-6279\" src=\"http:\/\/www.santaritadopassaquatro.sp.gov.br\/portal\/wp-content\/uploads\/2022\/05\/537a79ba-e945-43c5-a0d1-b1d8679d3684.jpg\" alt=\"\" width=\"1080\" height=\"1080\" \/> <img decoding=\"async\" class=\"aligncenter size-full wp-image-6282\" src=\"http:\/\/www.santaritadopassaquatro.sp.gov.br\/portal\/wp-content\/uploads\/2022\/05\/827438e4-c751-405e-9898-62c03c106380.jpg\" alt=\"\" width=\"1200\" height=\"630\" \/><\/p>\n","protected":false},"excerpt":{"rendered":"<p>No dia 26 de maio de 2022, o colaborador Amauri Luizio Restanio do Departamento de Agricultura e Meio Ambiente, esteve<\/p>\n","protected":false},"author":1,"featured_media":6280,"comment_status":"closed","ping_status":"open","sticky":false,"template":"","format":"standard","meta":{"footnotes":""},"categories":[53],"tags":[],"class_list":["post-6285","post","type-post","status-publish","format-standard","has-post-thumbnail","hentry","category-meio-ambiente"],"_links":{"self":[{"href":"https:\/\/www.santaritadopassaquatro.sp.gov.br\/portal\/wp-json\/wp\/v2\/posts\/6285","targetHints":{"allow":["GET"]}}],"collection":[{"href":"https:\/\/www.santaritadopassaquatro.sp.gov.br\/portal\/wp-json\/wp\/v2\/posts"}],"about":[{"href":"https:\/\/www.santaritadopassaquatro.sp.gov.br\/portal\/wp-json\/wp\/v2\/types\/post"}],"author":[{"embeddable":true,"href":"https:\/\/www.santaritadopassaquatro.sp.gov.br\/portal\/wp-json\/wp\/v2\/users\/1"}],"replies":[{"embeddable":true,"href":"https:\/\/www.santaritadopassaquatro.sp.gov.br\/portal\/wp-json\/wp\/v2\/comments?post=6285"}],"version-history":[{"count":3,"href":"https:\/\/www.santaritadopassaquatro.sp.gov.br\/portal\/wp-json\/wp\/v2\/posts\/6285\/revisions"}],"predecessor-version":[{"id":6288,"href":"https:\/\/www.santaritadopassaquatro.sp.gov.br\/portal\/wp-json\/wp\/v2\/posts\/6285\/revisions\/6288"}],"wp:featuredmedia":[{"embeddable":true,"href":"https:\/\/www.santaritadopassaquatro.sp.gov.br\/portal\/wp-json\/wp\/v2\/media\/6280"}],"wp:attachment":[{"href":"https:\/\/www.santaritadopassaquatro.sp.gov.br\/portal\/wp-json\/wp\/v2\/media?parent=6285"}],"wp:term":[{"taxonomy":"category","embeddable":true,"href":"https:\/\/www.santaritadopassaquatro.sp.gov.br\/portal\/wp-json\/wp\/v2\/categories?post=6285"},{"taxonomy":"post_tag","embeddable":true,"href":"https:\/\/www.santaritadopassaquatro.sp.gov.br\/portal\/wp-json\/wp\/v2\/tags?post=6285"}],"curies":[{"name":"wp","href":"https:\/\/api.w.org\/{rel}","templated":true}]}}