{"id":6289,"date":"2022-05-30T16:52:42","date_gmt":"2022-05-30T19:52:42","guid":{"rendered":"http:\/\/www.santaritadopassaquatro.sp.gov.br\/portal\/?p=6289"},"modified":"2022-05-30T16:55:34","modified_gmt":"2022-05-30T19:55:34","slug":"30o-festival-de-tradicoes-italianas","status":"publish","type":"post","link":"https:\/\/www.santaritadopassaquatro.sp.gov.br\/portal\/30o-festival-de-tradicoes-italianas\/","title":{"rendered":"30\u00ba FESTIVAL DE TRADI\u00c7\u00d5ES ITALIANAS"},"content":{"rendered":"<p>Ap\u00f3s dois anos sem Festival de forma presencial, o 30\u00b0 Festival de Tradi\u00e7\u00f5es Italianas est\u00e1 de volta e teremos diversas atra\u00e7\u00f5es para voc\u00ea matar a saudade.<br \/>\nMarque na sua agenda, nos dias 08, 09 e 10 de julho.<br \/>\nEm breve divulgaremos todas as novidades e atra\u00e7\u00f5es para o nosso t\u00e3o aguardado festival.<br \/>\nUma realiza\u00e7\u00e3o da Prefeitura Municipal de Santa Rita do Passa Quatro atrav\u00e9s do departamento de Cultura e Turismo.<br \/>\n#festaitaliana #santarita # #tradicaoitaliana #italobrasileiro<\/p>\n<p><img decoding=\"async\" class=\"aligncenter size-full wp-image-6290\" src=\"http:\/\/www.santaritadopassaquatro.sp.gov.br\/portal\/wp-content\/uploads\/2022\/05\/f2a91521-5c37-47dc-9ade-ed34c4d48d3e.jpg\" alt=\"\" width=\"1024\" height=\"1280\" \/><\/p>\n","protected":false},"excerpt":{"rendered":"<p>Ap\u00f3s dois anos sem Festival de forma presencial, o 30\u00b0 Festival de Tradi\u00e7\u00f5es Italianas est\u00e1 de volta e teremos diversas<\/p>\n","protected":false},"author":1,"featured_media":6291,"comment_status":"closed","ping_status":"open","sticky":false,"template":"","format":"standard","meta":{"footnotes":""},"categories":[48,52,60],"tags":[],"class_list":["post-6289","post","type-post","status-publish","format-standard","has-post-thumbnail","hentry","category-featured","category-latest","category-turismo"],"_links":{"self":[{"href":"https:\/\/www.santaritadopassaquatro.sp.gov.br\/portal\/wp-json\/wp\/v2\/posts\/6289","targetHints":{"allow":["GET"]}}],"collection":[{"href":"https:\/\/www.santaritadopassaquatro.sp.gov.br\/portal\/wp-json\/wp\/v2\/posts"}],"about":[{"href":"https:\/\/www.santaritadopassaquatro.sp.gov.br\/portal\/wp-json\/wp\/v2\/types\/post"}],"author":[{"embeddable":true,"href":"https:\/\/www.santaritadopassaquatro.sp.gov.br\/portal\/wp-json\/wp\/v2\/users\/1"}],"replies":[{"embeddable":true,"href":"https:\/\/www.santaritadopassaquatro.sp.gov.br\/portal\/wp-json\/wp\/v2\/comments?post=6289"}],"version-history":[{"count":1,"href":"https:\/\/www.santaritadopassaquatro.sp.gov.br\/portal\/wp-json\/wp\/v2\/posts\/6289\/revisions"}],"predecessor-version":[{"id":6292,"href":"https:\/\/www.santaritadopassaquatro.sp.gov.br\/portal\/wp-json\/wp\/v2\/posts\/6289\/revisions\/6292"}],"wp:featuredmedia":[{"embeddable":true,"href":"https:\/\/www.santaritadopassaquatro.sp.gov.br\/portal\/wp-json\/wp\/v2\/media\/6291"}],"wp:attachment":[{"href":"https:\/\/www.santaritadopassaquatro.sp.gov.br\/portal\/wp-json\/wp\/v2\/media?parent=6289"}],"wp:term":[{"taxonomy":"category","embeddable":true,"href":"https:\/\/www.santaritadopassaquatro.sp.gov.br\/portal\/wp-json\/wp\/v2\/categories?post=6289"},{"taxonomy":"post_tag","embeddable":true,"href":"https:\/\/www.santaritadopassaquatro.sp.gov.br\/portal\/wp-json\/wp\/v2\/tags?post=6289"}],"curies":[{"name":"wp","href":"https:\/\/api.w.org\/{rel}","templated":true}]}}