{"id":6298,"date":"2022-05-31T14:37:29","date_gmt":"2022-05-31T17:37:29","guid":{"rendered":"http:\/\/www.santaritadopassaquatro.sp.gov.br\/portal\/?p=6298"},"modified":"2022-05-31T14:37:29","modified_gmt":"2022-05-31T17:37:29","slug":"semana-do-meio-ambiente","status":"publish","type":"post","link":"https:\/\/www.santaritadopassaquatro.sp.gov.br\/portal\/semana-do-meio-ambiente\/","title":{"rendered":"SEMANA DO MEIO AMBIENTE"},"content":{"rendered":"<p>No pr\u00f3ximo dia 05 de junho ser\u00e1 comemorado o Dia Mundial do Meio Ambiente que, em 2022, leva o tema: &#8220;Uma S\u00f3 Terra: Vida Sustent\u00e1vel Para Futuras Gera\u00e7\u00f5es&#8221;. O Departamento de Agricultura e Meio Ambiente preparou a\u00e7\u00f5es especiais para comemorar essa data t\u00e3o importante:<\/p>\n<p>01 de junho &#8211; A\u00e7\u00e3o com alunos da Escola Municipal Jo\u00e3o Baptista da Rocha Corr\u00eaa, na Esta\u00e7\u00e3o Experimental (Horto Florestal), \u00e0s 09h00;<\/p>\n<p>02 de junho &#8211; Caminhada Ecol\u00f3gica e Ioga com o CCI (Centro de Conviv\u00eancia do Idoso), na Esta\u00e7\u00e3o Experimental (Horto Florestal, \u00e0s 09h00;<\/p>\n<p>03 de junho &#8211; Interven\u00e7\u00e3o Opera\u00e7\u00e3o Corta-Fogo, unidos contra as queimadas urbanas, rurais e florestais, \u00e0s 09h00;<\/p>\n<p>04 de junho &#8211; Doa\u00e7\u00e3o de mudas e exposi\u00e7\u00e3o do Parque Estadual Vassununga, durante a Feira do Produtor, \u00e0s 08h00;<\/p>\n<p>05 de junho &#8211; Pedal Ecol\u00f3gico e plantio de mudas, com sa\u00edda \u00e0s 09h00 da Esta\u00e7\u00e3o Experimental (Horto Florestal).<\/p>\n<p>#responsabilidadesocial #responsabilidadeambiental #diamundialdomeioambiente #meioambiente #srpq<\/p>\n<p><img decoding=\"async\" class=\"aligncenter size-full wp-image-6299\" src=\"http:\/\/www.santaritadopassaquatro.sp.gov.br\/portal\/wp-content\/uploads\/2022\/05\/7de9a7c2-9f05-4e5a-99a8-9da2b674ea54.jpg\" alt=\"\" width=\"512\" height=\"1280\" \/><\/p>\n","protected":false},"excerpt":{"rendered":"<p>No pr\u00f3ximo dia 05 de junho ser\u00e1 comemorado o Dia Mundial do Meio Ambiente que, em 2022, leva o tema:<\/p>\n","protected":false},"author":1,"featured_media":6300,"comment_status":"closed","ping_status":"open","sticky":false,"template":"","format":"standard","meta":{"footnotes":""},"categories":[53],"tags":[],"class_list":["post-6298","post","type-post","status-publish","format-standard","has-post-thumbnail","hentry","category-meio-ambiente"],"_links":{"self":[{"href":"https:\/\/www.santaritadopassaquatro.sp.gov.br\/portal\/wp-json\/wp\/v2\/posts\/6298","targetHints":{"allow":["GET"]}}],"collection":[{"href":"https:\/\/www.santaritadopassaquatro.sp.gov.br\/portal\/wp-json\/wp\/v2\/posts"}],"about":[{"href":"https:\/\/www.santaritadopassaquatro.sp.gov.br\/portal\/wp-json\/wp\/v2\/types\/post"}],"author":[{"embeddable":true,"href":"https:\/\/www.santaritadopassaquatro.sp.gov.br\/portal\/wp-json\/wp\/v2\/users\/1"}],"replies":[{"embeddable":true,"href":"https:\/\/www.santaritadopassaquatro.sp.gov.br\/portal\/wp-json\/wp\/v2\/comments?post=6298"}],"version-history":[{"count":1,"href":"https:\/\/www.santaritadopassaquatro.sp.gov.br\/portal\/wp-json\/wp\/v2\/posts\/6298\/revisions"}],"predecessor-version":[{"id":6301,"href":"https:\/\/www.santaritadopassaquatro.sp.gov.br\/portal\/wp-json\/wp\/v2\/posts\/6298\/revisions\/6301"}],"wp:featuredmedia":[{"embeddable":true,"href":"https:\/\/www.santaritadopassaquatro.sp.gov.br\/portal\/wp-json\/wp\/v2\/media\/6300"}],"wp:attachment":[{"href":"https:\/\/www.santaritadopassaquatro.sp.gov.br\/portal\/wp-json\/wp\/v2\/media?parent=6298"}],"wp:term":[{"taxonomy":"category","embeddable":true,"href":"https:\/\/www.santaritadopassaquatro.sp.gov.br\/portal\/wp-json\/wp\/v2\/categories?post=6298"},{"taxonomy":"post_tag","embeddable":true,"href":"https:\/\/www.santaritadopassaquatro.sp.gov.br\/portal\/wp-json\/wp\/v2\/tags?post=6298"}],"curies":[{"name":"wp","href":"https:\/\/api.w.org\/{rel}","templated":true}]}}