{"id":6307,"date":"2022-05-31T14:43:15","date_gmt":"2022-05-31T17:43:15","guid":{"rendered":"http:\/\/www.santaritadopassaquatro.sp.gov.br\/portal\/?p=6307"},"modified":"2022-05-31T14:43:15","modified_gmt":"2022-05-31T17:43:15","slug":"semana-do-meio-ambiente-2","status":"publish","type":"post","link":"https:\/\/www.santaritadopassaquatro.sp.gov.br\/portal\/semana-do-meio-ambiente-2\/","title":{"rendered":"SEMANA DO MEIO AMBIENTE"},"content":{"rendered":"<p>No pr\u00f3ximo dia 05 de junho ser\u00e1 comemorado o Dia Mundial do Meio Ambiente que, em 2022, leva o tema: &#8220;Uma S\u00f3 Terra: Vida Sustent\u00e1vel Para Futuras Gera\u00e7\u00f5es&#8221;. O Departamento de Agricultura e Meio Ambiente preparou a\u00e7\u00f5es especiais entre os dias 01 e 05\/06 para comemorar essa data t\u00e3o importante:<br \/>\n01 de junho<br \/>\nA\u00e7\u00e3o com alunos da Escola Municipal Jo\u00e3o Baptista da Rocha Corr\u00eaa, na Esta\u00e7\u00e3o Experimental (Horto Florestal), \u00e0s 09h00;<br \/>\nVisita \u00e0 Esta\u00e7\u00e3o de Tratamento de \u00c1gua (COMASA)<br \/>\npelos alunos do projeto &#8220;\u00c1gua: hoje&#8230;e amanh\u00e3?&#8221; da ETEC &#8220;Manoel dos Reis Ara\u00fajo&#8221;, \u00e0s 14h00.<br \/>\n#responsabilidadesocial #responsabilidadeambiental #diamundialdomeioambiente #meioambiente #srpq<\/p>\n","protected":false},"excerpt":{"rendered":"<p>No pr\u00f3ximo dia 05 de junho ser\u00e1 comemorado o Dia Mundial do Meio Ambiente que, em 2022, leva o tema:<\/p>\n","protected":false},"author":1,"featured_media":6308,"comment_status":"closed","ping_status":"open","sticky":false,"template":"","format":"standard","meta":{"footnotes":""},"categories":[53],"tags":[],"class_list":["post-6307","post","type-post","status-publish","format-standard","has-post-thumbnail","hentry","category-meio-ambiente"],"_links":{"self":[{"href":"https:\/\/www.santaritadopassaquatro.sp.gov.br\/portal\/wp-json\/wp\/v2\/posts\/6307","targetHints":{"allow":["GET"]}}],"collection":[{"href":"https:\/\/www.santaritadopassaquatro.sp.gov.br\/portal\/wp-json\/wp\/v2\/posts"}],"about":[{"href":"https:\/\/www.santaritadopassaquatro.sp.gov.br\/portal\/wp-json\/wp\/v2\/types\/post"}],"author":[{"embeddable":true,"href":"https:\/\/www.santaritadopassaquatro.sp.gov.br\/portal\/wp-json\/wp\/v2\/users\/1"}],"replies":[{"embeddable":true,"href":"https:\/\/www.santaritadopassaquatro.sp.gov.br\/portal\/wp-json\/wp\/v2\/comments?post=6307"}],"version-history":[{"count":1,"href":"https:\/\/www.santaritadopassaquatro.sp.gov.br\/portal\/wp-json\/wp\/v2\/posts\/6307\/revisions"}],"predecessor-version":[{"id":6309,"href":"https:\/\/www.santaritadopassaquatro.sp.gov.br\/portal\/wp-json\/wp\/v2\/posts\/6307\/revisions\/6309"}],"wp:featuredmedia":[{"embeddable":true,"href":"https:\/\/www.santaritadopassaquatro.sp.gov.br\/portal\/wp-json\/wp\/v2\/media\/6308"}],"wp:attachment":[{"href":"https:\/\/www.santaritadopassaquatro.sp.gov.br\/portal\/wp-json\/wp\/v2\/media?parent=6307"}],"wp:term":[{"taxonomy":"category","embeddable":true,"href":"https:\/\/www.santaritadopassaquatro.sp.gov.br\/portal\/wp-json\/wp\/v2\/categories?post=6307"},{"taxonomy":"post_tag","embeddable":true,"href":"https:\/\/www.santaritadopassaquatro.sp.gov.br\/portal\/wp-json\/wp\/v2\/tags?post=6307"}],"curies":[{"name":"wp","href":"https:\/\/api.w.org\/{rel}","templated":true}]}}