{"id":6329,"date":"2022-06-01T08:21:01","date_gmt":"2022-06-01T11:21:01","guid":{"rendered":"http:\/\/www.santaritadopassaquatro.sp.gov.br\/portal\/?p=6329"},"modified":"2022-06-01T08:21:01","modified_gmt":"2022-06-01T11:21:01","slug":"venha-curtir-o-128-aniversario-de-santa-cruz-da-estrela","status":"publish","type":"post","link":"https:\/\/www.santaritadopassaquatro.sp.gov.br\/portal\/venha-curtir-o-128-aniversario-de-santa-cruz-da-estrela\/","title":{"rendered":"VENHA CURTIR O 128\u00b0 ANIVERS\u00c1RIO DE SANTA CRUZ DA ESTRELA"},"content":{"rendered":"<p>Dia 09 de junho celebra-se o anivers\u00e1rio do Distrito de Santa Cruz da Estrela, e para festejarmos esta data foi preparado pelo Departamento de Turismo, Cultura, Esporte e Lazer, com apoio do Departamento de Promo\u00e7\u00e3o e Assist\u00eancia Social, uma comemora\u00e7\u00e3o especial no pr\u00f3ximo s\u00e1bado (04).<\/p>\n<p>Confira a programa\u00e7\u00e3o:<\/p>\n<p>\u201cTarde Animada na Estrela\u201d das 14:00 as 17:00 com brinquedos infl\u00e1veis, pipoca, algod\u00e3o-doce e sorvete para garotada e sua fam\u00edlia, e a atra\u00e7\u00e3o especial do Show de Viola Caipira com Caio de Souza, \u00e0s 14:30.<\/p>\n<p>\u201cPrograma Est\u00e2ncia Sertaneja\u201d a partir das 17:00 com as Duplas: Milton e Marcos, Carlos Augusto e Silvano e Humberto Viola e Luiz Fernando.<\/p>\n<p>A prefeitura disponibilizou \u00f4nibus gratuito para o Programa Est\u00e2ncia Sertaneja.<\/p>\n<p>Pontos de sa\u00edda: Caic, \u00e0s 16:30 e Pra\u00e7a Poeta M\u00e1rio Mattoso &#8211; Esta\u00e7\u00e3o, \u00e0s 16:45, e retorno ap\u00f3s o show, por volta de 21:30.<\/p>\n<p>&nbsp;<\/p>\n<p>*Show de Viola Caipira com Caio de Souza \u00e9 um Projeto contemplado via Lei Federal Aldir Blanc, viabilizada pela Prefeitura Municipal, atrav\u00e9s do Departamento de Cultura de Santa Rita do Passa Quatro &#8211; SP.<\/p>\n<p><img decoding=\"async\" class=\"aligncenter size-full wp-image-6331\" src=\"http:\/\/www.santaritadopassaquatro.sp.gov.br\/portal\/wp-content\/uploads\/2022\/06\/f2fa787d-9d7b-455a-b208-2c22365876bd.jpg\" alt=\"\" width=\"1024\" height=\"1280\" \/><\/p>\n","protected":false},"excerpt":{"rendered":"<p>Dia 09 de junho celebra-se o anivers\u00e1rio do Distrito de Santa Cruz da Estrela, e para festejarmos esta data foi<\/p>\n","protected":false},"author":1,"featured_media":6330,"comment_status":"closed","ping_status":"open","sticky":false,"template":"","format":"standard","meta":{"footnotes":""},"categories":[48,50],"tags":[],"class_list":["post-6329","post","type-post","status-publish","format-standard","has-post-thumbnail","hentry","category-featured","category-entertainment"],"_links":{"self":[{"href":"https:\/\/www.santaritadopassaquatro.sp.gov.br\/portal\/wp-json\/wp\/v2\/posts\/6329","targetHints":{"allow":["GET"]}}],"collection":[{"href":"https:\/\/www.santaritadopassaquatro.sp.gov.br\/portal\/wp-json\/wp\/v2\/posts"}],"about":[{"href":"https:\/\/www.santaritadopassaquatro.sp.gov.br\/portal\/wp-json\/wp\/v2\/types\/post"}],"author":[{"embeddable":true,"href":"https:\/\/www.santaritadopassaquatro.sp.gov.br\/portal\/wp-json\/wp\/v2\/users\/1"}],"replies":[{"embeddable":true,"href":"https:\/\/www.santaritadopassaquatro.sp.gov.br\/portal\/wp-json\/wp\/v2\/comments?post=6329"}],"version-history":[{"count":1,"href":"https:\/\/www.santaritadopassaquatro.sp.gov.br\/portal\/wp-json\/wp\/v2\/posts\/6329\/revisions"}],"predecessor-version":[{"id":6332,"href":"https:\/\/www.santaritadopassaquatro.sp.gov.br\/portal\/wp-json\/wp\/v2\/posts\/6329\/revisions\/6332"}],"wp:featuredmedia":[{"embeddable":true,"href":"https:\/\/www.santaritadopassaquatro.sp.gov.br\/portal\/wp-json\/wp\/v2\/media\/6330"}],"wp:attachment":[{"href":"https:\/\/www.santaritadopassaquatro.sp.gov.br\/portal\/wp-json\/wp\/v2\/media?parent=6329"}],"wp:term":[{"taxonomy":"category","embeddable":true,"href":"https:\/\/www.santaritadopassaquatro.sp.gov.br\/portal\/wp-json\/wp\/v2\/categories?post=6329"},{"taxonomy":"post_tag","embeddable":true,"href":"https:\/\/www.santaritadopassaquatro.sp.gov.br\/portal\/wp-json\/wp\/v2\/tags?post=6329"}],"curies":[{"name":"wp","href":"https:\/\/api.w.org\/{rel}","templated":true}]}}