{"id":6343,"date":"2022-06-02T16:50:03","date_gmt":"2022-06-02T19:50:03","guid":{"rendered":"http:\/\/www.santaritadopassaquatro.sp.gov.br\/portal\/?p=6343"},"modified":"2022-06-02T16:50:03","modified_gmt":"2022-06-02T19:50:03","slug":"projeto-61o-festival-zequinha-de-abreu-e-premiado-pelo-governo-do-estado-de-sp","status":"publish","type":"post","link":"https:\/\/www.santaritadopassaquatro.sp.gov.br\/portal\/projeto-61o-festival-zequinha-de-abreu-e-premiado-pelo-governo-do-estado-de-sp\/","title":{"rendered":"PROJETO \u201c61\u00ba FESTIVAL ZEQUINHA DE ABREU\u201d \u00c9 PREMIADO PELO GOVERNO DO ESTADO DE SP."},"content":{"rendered":"<p>MAIS UMA CONQUISTA CULTURAL PARA NOSSA CIDADE!!!!!<\/p>\n<p>O Projeto foi escrito pelo Departamento de Cultura com o apoio do Departamento de Turismo da Prefeitura Municipal de Santa Rita do Passa Quatro, sob a gest\u00e3o do Prefeito Marcelo Sim\u00e3o e seu vice, Professor M\u00e1rcio, e pela Gestora de Cultura Graziela de C\u00e1ssia Villela e sua equipe, foi denominado \u201c61\u00ba Festival Zequinha de Abreu\u201d e fora contemplado pelo Programa Tradi\u00e7\u00e3o SP, com 5 grupos de choro de renome nacional e regional, que far\u00e3o parte da programa\u00e7\u00e3o de nosso Festival Zequinha de Abreu 2022, no m\u00eas de Setembro. S\u00e3o eles:<\/p>\n<p>Sexteto Colibri (Ribeir\u00e3o Preto)<br \/>\nQuarteto Choro da Resist\u00eancia (Piracicaba)<br \/>\nOrquestra Sanf\u00f4nica (Pirassununga)<br \/>\nProjeto Choro da Casa (Ribeir\u00e3o Preto)<br \/>\nQuarteto Pizindim (S\u00e3o Paulo)<\/p>\n<p>O projeto apresentou a cria\u00e7\u00e3o do Festival Zequinha de Abreu em 1961 que vem sendo celebrado sem interrup\u00e7\u00f5es at\u00e9 os dias de hoje e toda hist\u00f3ria e legado cultural que comp\u00f5em o genial compositor santa-ritense Zequinha de Abreu, que abrigam em suas mais de 130 obras n\u00e3o somente uma teoria e estilo musical, mas, tamb\u00e9m, todo um contexto hist\u00f3rico e social da \u00e9poca, fomentando a continuidade da nossa cultura e arte local garantindo que este importante \u201cPatrim\u00f4nio Cultural\u201d &#8211; Zequinha de Abreu &#8211; bem Como o festival que carrega seu nome h\u00e1 61 anos.<\/p>\n<p>O TRADI\u00c7\u00c3O SP \u00e9 um programa que visa prestar apoio para a realiza\u00e7\u00e3o de a\u00e7\u00f5es culturais junto a munic\u00edpios do Estado de S\u00e3o Paulo, de modo a articular e facilitar o estabelecimento de parcerias e co-realiza\u00e7\u00f5es, em conson\u00e2ncia com as pol\u00edticas p\u00fablicas culturais do Estado de S\u00e3o Paulo e as necessidades locais. Apoia eventos municipais (regionais ou locais) com apresenta\u00e7\u00f5es art\u00edsticas, palestras, workshops, infraestrutura, oficinas e etc., auxiliando na realiza\u00e7\u00e3o das atividades art\u00edsticas programadas pelos munic\u00edpios solicitantes (que incluem datas comemorativas, celebra\u00e7\u00f5es t\u00edpicas e tradicionais de cada regi\u00e3o, suporte t\u00e9cnico operacional.<\/p>\n<p>O programa foi aberto aos 645 munic\u00edpios concorrentes e 100 foram premiados na categoria &#8220;Tradi\u00e7\u00f5es SP&#8221;, pelo Governo do Estado de S\u00e3o Paulo, por meio da Secretaria de Cultura e Economia Criativa, atrav\u00e9s do Juntos Pela Cultura 2022, com gest\u00e3o e produ\u00e7\u00e3o da Amigos da Arte.<\/p>\n","protected":false},"excerpt":{"rendered":"<p>MAIS UMA CONQUISTA CULTURAL PARA NOSSA CIDADE!!!!! O Projeto foi escrito pelo Departamento de Cultura com o apoio do Departamento<\/p>\n","protected":false},"author":1,"featured_media":6344,"comment_status":"closed","ping_status":"open","sticky":false,"template":"","format":"standard","meta":{"footnotes":""},"categories":[46,52],"tags":[],"class_list":["post-6343","post","type-post","status-publish","format-standard","has-post-thumbnail","hentry","category-cultura","category-latest"],"_links":{"self":[{"href":"https:\/\/www.santaritadopassaquatro.sp.gov.br\/portal\/wp-json\/wp\/v2\/posts\/6343","targetHints":{"allow":["GET"]}}],"collection":[{"href":"https:\/\/www.santaritadopassaquatro.sp.gov.br\/portal\/wp-json\/wp\/v2\/posts"}],"about":[{"href":"https:\/\/www.santaritadopassaquatro.sp.gov.br\/portal\/wp-json\/wp\/v2\/types\/post"}],"author":[{"embeddable":true,"href":"https:\/\/www.santaritadopassaquatro.sp.gov.br\/portal\/wp-json\/wp\/v2\/users\/1"}],"replies":[{"embeddable":true,"href":"https:\/\/www.santaritadopassaquatro.sp.gov.br\/portal\/wp-json\/wp\/v2\/comments?post=6343"}],"version-history":[{"count":1,"href":"https:\/\/www.santaritadopassaquatro.sp.gov.br\/portal\/wp-json\/wp\/v2\/posts\/6343\/revisions"}],"predecessor-version":[{"id":6345,"href":"https:\/\/www.santaritadopassaquatro.sp.gov.br\/portal\/wp-json\/wp\/v2\/posts\/6343\/revisions\/6345"}],"wp:featuredmedia":[{"embeddable":true,"href":"https:\/\/www.santaritadopassaquatro.sp.gov.br\/portal\/wp-json\/wp\/v2\/media\/6344"}],"wp:attachment":[{"href":"https:\/\/www.santaritadopassaquatro.sp.gov.br\/portal\/wp-json\/wp\/v2\/media?parent=6343"}],"wp:term":[{"taxonomy":"category","embeddable":true,"href":"https:\/\/www.santaritadopassaquatro.sp.gov.br\/portal\/wp-json\/wp\/v2\/categories?post=6343"},{"taxonomy":"post_tag","embeddable":true,"href":"https:\/\/www.santaritadopassaquatro.sp.gov.br\/portal\/wp-json\/wp\/v2\/tags?post=6343"}],"curies":[{"name":"wp","href":"https:\/\/api.w.org\/{rel}","templated":true}]}}