{"id":6346,"date":"2022-06-01T16:50:47","date_gmt":"2022-06-01T19:50:47","guid":{"rendered":"http:\/\/www.santaritadopassaquatro.sp.gov.br\/portal\/?p=6346"},"modified":"2022-06-02T16:51:42","modified_gmt":"2022-06-02T19:51:42","slug":"semana-do-meio-ambiente-3","status":"publish","type":"post","link":"https:\/\/www.santaritadopassaquatro.sp.gov.br\/portal\/semana-do-meio-ambiente-3\/","title":{"rendered":"SEMANA DO MEIO AMBIENTE"},"content":{"rendered":"<p>No pr\u00f3ximo dia 05 de junho ser\u00e1 comemorado o Dia Mundial do Meio Ambiente que, em 2022, leva o tema: &#8220;Uma S\u00f3 Terra: Vida Sustent\u00e1vel Para Futuras Gera\u00e7\u00f5es&#8221;. O Departamento de Agricultura e Meio Ambiente preparou a\u00e7\u00f5es especiais entre os dias 01 e 05\/06 para comemorar essa data t\u00e3o importante<br \/>\n02 de junho &#8211; \u00e0s 09h00<br \/>\nCaminhada Ecol\u00f3gica, Yoga e Palestra (Pol\u00edcia<br \/>\nAmbiental) com o Centro de Conviv\u00eancia do Idoso (CCI) do munic\u00edpio de Santa Rita do<br \/>\nPassa Quatro na Esta\u00e7\u00e3o<br \/>\nExperimental (Horto<br \/>\nFlorestal)<br \/>\n.<br \/>\n#responsabilidadesocial #responsabilidadeambiental #diamundialdomeioambiente #meioambiente #srpq<\/p>\n","protected":false},"excerpt":{"rendered":"<p>No pr\u00f3ximo dia 05 de junho ser\u00e1 comemorado o Dia Mundial do Meio Ambiente que, em 2022, leva o tema:<\/p>\n","protected":false},"author":1,"featured_media":6347,"comment_status":"closed","ping_status":"open","sticky":false,"template":"","format":"standard","meta":{"footnotes":""},"categories":[53],"tags":[],"class_list":["post-6346","post","type-post","status-publish","format-standard","has-post-thumbnail","hentry","category-meio-ambiente"],"_links":{"self":[{"href":"https:\/\/www.santaritadopassaquatro.sp.gov.br\/portal\/wp-json\/wp\/v2\/posts\/6346","targetHints":{"allow":["GET"]}}],"collection":[{"href":"https:\/\/www.santaritadopassaquatro.sp.gov.br\/portal\/wp-json\/wp\/v2\/posts"}],"about":[{"href":"https:\/\/www.santaritadopassaquatro.sp.gov.br\/portal\/wp-json\/wp\/v2\/types\/post"}],"author":[{"embeddable":true,"href":"https:\/\/www.santaritadopassaquatro.sp.gov.br\/portal\/wp-json\/wp\/v2\/users\/1"}],"replies":[{"embeddable":true,"href":"https:\/\/www.santaritadopassaquatro.sp.gov.br\/portal\/wp-json\/wp\/v2\/comments?post=6346"}],"version-history":[{"count":1,"href":"https:\/\/www.santaritadopassaquatro.sp.gov.br\/portal\/wp-json\/wp\/v2\/posts\/6346\/revisions"}],"predecessor-version":[{"id":6348,"href":"https:\/\/www.santaritadopassaquatro.sp.gov.br\/portal\/wp-json\/wp\/v2\/posts\/6346\/revisions\/6348"}],"wp:featuredmedia":[{"embeddable":true,"href":"https:\/\/www.santaritadopassaquatro.sp.gov.br\/portal\/wp-json\/wp\/v2\/media\/6347"}],"wp:attachment":[{"href":"https:\/\/www.santaritadopassaquatro.sp.gov.br\/portal\/wp-json\/wp\/v2\/media?parent=6346"}],"wp:term":[{"taxonomy":"category","embeddable":true,"href":"https:\/\/www.santaritadopassaquatro.sp.gov.br\/portal\/wp-json\/wp\/v2\/categories?post=6346"},{"taxonomy":"post_tag","embeddable":true,"href":"https:\/\/www.santaritadopassaquatro.sp.gov.br\/portal\/wp-json\/wp\/v2\/tags?post=6346"}],"curies":[{"name":"wp","href":"https:\/\/api.w.org\/{rel}","templated":true}]}}