{"id":6349,"date":"2022-06-02T16:52:56","date_gmt":"2022-06-02T19:52:56","guid":{"rendered":"http:\/\/www.santaritadopassaquatro.sp.gov.br\/portal\/?p=6349"},"modified":"2022-06-02T16:52:56","modified_gmt":"2022-06-02T19:52:56","slug":"semana-do-meio-ambiente-4","status":"publish","type":"post","link":"https:\/\/www.santaritadopassaquatro.sp.gov.br\/portal\/semana-do-meio-ambiente-4\/","title":{"rendered":"SEMANA DO MEIO AMBIENTE"},"content":{"rendered":"<p>No pr\u00f3ximo dia 05 de junho ser\u00e1 comemorado o Dia Mundial do Meio Ambiente que, em 2022, leva o tema: &#8220;Uma S\u00f3 Terra: Vida Sustent\u00e1vel Para Futuras Gera\u00e7\u00f5es&#8221;. O Departamento de Agricultura e Meio Ambiente preparou a\u00e7\u00f5es especiais entre os dias 01 e 05\/06 para comemorar essa data t\u00e3o importante<\/p>\n<p>03 de junho &#8211; \u00e0s 09h00<br \/>\nA concentra\u00e7\u00e3o ser\u00e1 no Departamento de Agricultura e Meio Ambiente (DAMA)<\/p>\n<p>Interven\u00e7\u00e3o Opera\u00e7\u00e3o Corta-Fogo, unidos contra Queimadas Urbanas, Rurais e Florestais.<\/p>\n","protected":false},"excerpt":{"rendered":"<p>No pr\u00f3ximo dia 05 de junho ser\u00e1 comemorado o Dia Mundial do Meio Ambiente que, em 2022, leva o tema:<\/p>\n","protected":false},"author":1,"featured_media":6350,"comment_status":"closed","ping_status":"open","sticky":false,"template":"","format":"standard","meta":{"footnotes":""},"categories":[53],"tags":[],"class_list":["post-6349","post","type-post","status-publish","format-standard","has-post-thumbnail","hentry","category-meio-ambiente"],"_links":{"self":[{"href":"https:\/\/www.santaritadopassaquatro.sp.gov.br\/portal\/wp-json\/wp\/v2\/posts\/6349","targetHints":{"allow":["GET"]}}],"collection":[{"href":"https:\/\/www.santaritadopassaquatro.sp.gov.br\/portal\/wp-json\/wp\/v2\/posts"}],"about":[{"href":"https:\/\/www.santaritadopassaquatro.sp.gov.br\/portal\/wp-json\/wp\/v2\/types\/post"}],"author":[{"embeddable":true,"href":"https:\/\/www.santaritadopassaquatro.sp.gov.br\/portal\/wp-json\/wp\/v2\/users\/1"}],"replies":[{"embeddable":true,"href":"https:\/\/www.santaritadopassaquatro.sp.gov.br\/portal\/wp-json\/wp\/v2\/comments?post=6349"}],"version-history":[{"count":1,"href":"https:\/\/www.santaritadopassaquatro.sp.gov.br\/portal\/wp-json\/wp\/v2\/posts\/6349\/revisions"}],"predecessor-version":[{"id":6351,"href":"https:\/\/www.santaritadopassaquatro.sp.gov.br\/portal\/wp-json\/wp\/v2\/posts\/6349\/revisions\/6351"}],"wp:featuredmedia":[{"embeddable":true,"href":"https:\/\/www.santaritadopassaquatro.sp.gov.br\/portal\/wp-json\/wp\/v2\/media\/6350"}],"wp:attachment":[{"href":"https:\/\/www.santaritadopassaquatro.sp.gov.br\/portal\/wp-json\/wp\/v2\/media?parent=6349"}],"wp:term":[{"taxonomy":"category","embeddable":true,"href":"https:\/\/www.santaritadopassaquatro.sp.gov.br\/portal\/wp-json\/wp\/v2\/categories?post=6349"},{"taxonomy":"post_tag","embeddable":true,"href":"https:\/\/www.santaritadopassaquatro.sp.gov.br\/portal\/wp-json\/wp\/v2\/tags?post=6349"}],"curies":[{"name":"wp","href":"https:\/\/api.w.org\/{rel}","templated":true}]}}