{"id":6352,"date":"2022-06-03T10:54:51","date_gmt":"2022-06-03T13:54:51","guid":{"rendered":"http:\/\/www.santaritadopassaquatro.sp.gov.br\/portal\/?p=6352"},"modified":"2022-06-03T10:54:51","modified_gmt":"2022-06-03T13:54:51","slug":"centro-de-convivencia-do-idoso-cci-participa-de-acoes-em-comemoracao-ao-dia-mundial-do-meio-ambiente","status":"publish","type":"post","link":"https:\/\/www.santaritadopassaquatro.sp.gov.br\/portal\/centro-de-convivencia-do-idoso-cci-participa-de-acoes-em-comemoracao-ao-dia-mundial-do-meio-ambiente\/","title":{"rendered":"CENTRO DE CONVIV\u00caNCIA DO IDOSO (CCI) PARTICIPA DE A\u00c7\u00d5ES EM COMEMORA\u00c7\u00c3O AO DIA MUNDIAL DO MEIO AMBIENTE"},"content":{"rendered":"<p>Nessa quinta-feira, 02 de junho de 2022, o Centro de Conviv\u00eancia do Idoso (CCI) participou de uma das a\u00e7\u00f5es preparadas pelo Departamento de Agricultura e Meio Ambiente (DAMA), para comemorar o Dia Mundial do Meio Ambiente (05\/06\/2022).<\/p>\n<p>O Centro de Conviv\u00eancia do Idoso \u00e9 um projeto que atende o p\u00fablico da melhor idade em Santa Rita e tem o total apoio do Prefeito Marcelo Sim\u00e3o e com o Departamento de Promo\u00e7\u00e3o e Assist\u00eancia Social, CRAS e CREAS.<\/p>\n<p>A a\u00e7\u00e3o escolhida foi uma Caminhada Ecol\u00f3gica pelas depend\u00eancias da Esta\u00e7\u00e3o Experimental (Horto Florestal) acompanhada pela monitora Bianca Hamanaka, ap\u00f3s o fim da caminhada foi realizada uma aula de Yoga com Raphael Missiato, professor de Vinyasa Flow Yoga com forma\u00e7\u00e3o pelo M\u00e9todo Nataraja Flow Yoga e certificado pela Alian\u00e7a do Yoga, que atua como professor desde 2018, ministrando aulas online e presencialmente em nosso munic\u00edpio.<\/p>\n<p>Ap\u00f3s a aula, todos tiveram a oportunidade de conhecer as a\u00e7\u00f5es de policiamento ambiental, a\u00e7\u00f5es ligadas a restaura\u00e7\u00e3o ecol\u00f3gica, prote\u00e7\u00e3o dos recursos naturais (preven\u00e7\u00e3o \u00e0s queimadas, pesca predat\u00f3ria, desmatamento, ca\u00e7a e tr\u00e1fico de animais silvestres, tr\u00e1fico de drogas, porte ilegal de arma) durante a palestra ministrada pela equipe: Cabo PM Tuon da 2\u00b0 BASE Operacional de Santa Rita do Passa Quatro da Pol\u00edcia Militar Ambiental.<\/p>\n<p>Finalizada as atividades, foi servido um caf\u00e9 da manh\u00e3 especial de confraterniza\u00e7\u00e3o do evento.<\/p>\n","protected":false},"excerpt":{"rendered":"<p>Nessa quinta-feira, 02 de junho de 2022, o Centro de Conviv\u00eancia do Idoso (CCI) participou de uma das a\u00e7\u00f5es preparadas<\/p>\n","protected":false},"author":1,"featured_media":0,"comment_status":"closed","ping_status":"open","sticky":false,"template":"","format":"standard","meta":{"footnotes":""},"categories":[53],"tags":[],"class_list":["post-6352","post","type-post","status-publish","format-standard","hentry","category-meio-ambiente"],"_links":{"self":[{"href":"https:\/\/www.santaritadopassaquatro.sp.gov.br\/portal\/wp-json\/wp\/v2\/posts\/6352","targetHints":{"allow":["GET"]}}],"collection":[{"href":"https:\/\/www.santaritadopassaquatro.sp.gov.br\/portal\/wp-json\/wp\/v2\/posts"}],"about":[{"href":"https:\/\/www.santaritadopassaquatro.sp.gov.br\/portal\/wp-json\/wp\/v2\/types\/post"}],"author":[{"embeddable":true,"href":"https:\/\/www.santaritadopassaquatro.sp.gov.br\/portal\/wp-json\/wp\/v2\/users\/1"}],"replies":[{"embeddable":true,"href":"https:\/\/www.santaritadopassaquatro.sp.gov.br\/portal\/wp-json\/wp\/v2\/comments?post=6352"}],"version-history":[{"count":1,"href":"https:\/\/www.santaritadopassaquatro.sp.gov.br\/portal\/wp-json\/wp\/v2\/posts\/6352\/revisions"}],"predecessor-version":[{"id":6353,"href":"https:\/\/www.santaritadopassaquatro.sp.gov.br\/portal\/wp-json\/wp\/v2\/posts\/6352\/revisions\/6353"}],"wp:attachment":[{"href":"https:\/\/www.santaritadopassaquatro.sp.gov.br\/portal\/wp-json\/wp\/v2\/media?parent=6352"}],"wp:term":[{"taxonomy":"category","embeddable":true,"href":"https:\/\/www.santaritadopassaquatro.sp.gov.br\/portal\/wp-json\/wp\/v2\/categories?post=6352"},{"taxonomy":"post_tag","embeddable":true,"href":"https:\/\/www.santaritadopassaquatro.sp.gov.br\/portal\/wp-json\/wp\/v2\/tags?post=6352"}],"curies":[{"name":"wp","href":"https:\/\/api.w.org\/{rel}","templated":true}]}}