{"id":6358,"date":"2022-06-06T15:06:02","date_gmt":"2022-06-06T18:06:02","guid":{"rendered":"http:\/\/www.santaritadopassaquatro.sp.gov.br\/portal\/?p=6358"},"modified":"2022-06-06T15:06:02","modified_gmt":"2022-06-06T18:06:02","slug":"escola-municipal-joao-baptista-da-rocha-correa-participa-de-evento-em-comemoracao-ao-dia-mundial-do-meio-ambiente","status":"publish","type":"post","link":"https:\/\/www.santaritadopassaquatro.sp.gov.br\/portal\/escola-municipal-joao-baptista-da-rocha-correa-participa-de-evento-em-comemoracao-ao-dia-mundial-do-meio-ambiente\/","title":{"rendered":"Escola Municipal \u201cJo\u00e3o Baptista da Rocha Correa\u201d participa de evento em comemora\u00e7\u00e3o ao Dia Mundial do Meio Ambiente"},"content":{"rendered":"<p>No dia 01 de junho de 2022, os alunos da EMEF \u201cJo\u00e3o Baptista da Rocha Correa\u201d estiveram presentes na Esta\u00e7\u00e3o Experimental (horto Florestal) para participar das a\u00e7\u00f5es programas pelo Departamento de Agricultura e Meio Ambiente em comemora\u00e7\u00e3o ao Dia Mundial do Meio Ambiente, comemorado no dia 05 de junho de 2022.<br \/>\nDurante a visita, a monitora Bianca Hamanaka realizou a trilha e explicou para os alunos presentes sobre a flora e a fauna da regi\u00e3o, mostrando de forma pr\u00e1tica a import\u00e2ncia da preserva\u00e7\u00e3o da natureza e desse local t\u00e3o importante para nosso munic\u00edpio que muitos ainda n\u00e3o conheciam.<br \/>\nAp\u00f3s todo o conte\u00fado os alunos realizaram um piquenique sentados no gramado do Horto Florestal.<\/p>\n<p><img decoding=\"async\" class=\"aligncenter size-large wp-image-6360\" src=\"http:\/\/www.santaritadopassaquatro.sp.gov.br\/portal\/wp-content\/uploads\/2022\/06\/98b1b898-c292-4609-9eaa-ea5a56f5e86a.jpg\" alt=\"\" width=\"768\" height=\"1024\" \/> <img decoding=\"async\" class=\"aligncenter size-large wp-image-6361\" src=\"http:\/\/www.santaritadopassaquatro.sp.gov.br\/portal\/wp-content\/uploads\/2022\/06\/952ba6fb-6f52-4d98-9083-7c56a1bacf0b.jpg\" alt=\"\" width=\"768\" height=\"1024\" \/> <img decoding=\"async\" class=\"aligncenter size-full wp-image-6362\" src=\"http:\/\/www.santaritadopassaquatro.sp.gov.br\/portal\/wp-content\/uploads\/2022\/06\/f11db5fb-2e91-4330-8112-025f2027bc88.jpg\" alt=\"\" width=\"1280\" height=\"960\" \/><\/p>\n","protected":false},"excerpt":{"rendered":"<p>No dia 01 de junho de 2022, os alunos da EMEF \u201cJo\u00e3o Baptista da Rocha Correa\u201d estiveram presentes na Esta\u00e7\u00e3o<\/p>\n","protected":false},"author":1,"featured_media":6359,"comment_status":"closed","ping_status":"open","sticky":false,"template":"","format":"standard","meta":{"footnotes":""},"categories":[53],"tags":[],"class_list":["post-6358","post","type-post","status-publish","format-standard","has-post-thumbnail","hentry","category-meio-ambiente"],"_links":{"self":[{"href":"https:\/\/www.santaritadopassaquatro.sp.gov.br\/portal\/wp-json\/wp\/v2\/posts\/6358","targetHints":{"allow":["GET"]}}],"collection":[{"href":"https:\/\/www.santaritadopassaquatro.sp.gov.br\/portal\/wp-json\/wp\/v2\/posts"}],"about":[{"href":"https:\/\/www.santaritadopassaquatro.sp.gov.br\/portal\/wp-json\/wp\/v2\/types\/post"}],"author":[{"embeddable":true,"href":"https:\/\/www.santaritadopassaquatro.sp.gov.br\/portal\/wp-json\/wp\/v2\/users\/1"}],"replies":[{"embeddable":true,"href":"https:\/\/www.santaritadopassaquatro.sp.gov.br\/portal\/wp-json\/wp\/v2\/comments?post=6358"}],"version-history":[{"count":1,"href":"https:\/\/www.santaritadopassaquatro.sp.gov.br\/portal\/wp-json\/wp\/v2\/posts\/6358\/revisions"}],"predecessor-version":[{"id":6363,"href":"https:\/\/www.santaritadopassaquatro.sp.gov.br\/portal\/wp-json\/wp\/v2\/posts\/6358\/revisions\/6363"}],"wp:featuredmedia":[{"embeddable":true,"href":"https:\/\/www.santaritadopassaquatro.sp.gov.br\/portal\/wp-json\/wp\/v2\/media\/6359"}],"wp:attachment":[{"href":"https:\/\/www.santaritadopassaquatro.sp.gov.br\/portal\/wp-json\/wp\/v2\/media?parent=6358"}],"wp:term":[{"taxonomy":"category","embeddable":true,"href":"https:\/\/www.santaritadopassaquatro.sp.gov.br\/portal\/wp-json\/wp\/v2\/categories?post=6358"},{"taxonomy":"post_tag","embeddable":true,"href":"https:\/\/www.santaritadopassaquatro.sp.gov.br\/portal\/wp-json\/wp\/v2\/tags?post=6358"}],"curies":[{"name":"wp","href":"https:\/\/api.w.org\/{rel}","templated":true}]}}