{"id":6364,"date":"2022-06-06T15:07:52","date_gmt":"2022-06-06T18:07:52","guid":{"rendered":"http:\/\/www.santaritadopassaquatro.sp.gov.br\/portal\/?p=6364"},"modified":"2022-06-06T15:07:52","modified_gmt":"2022-06-06T18:07:52","slug":"projeto-agua-hoje-e-amanha-inicia-nova-turma-com-visita-a-estacao-de-tratamento-de-agua","status":"publish","type":"post","link":"https:\/\/www.santaritadopassaquatro.sp.gov.br\/portal\/projeto-agua-hoje-e-amanha-inicia-nova-turma-com-visita-a-estacao-de-tratamento-de-agua\/","title":{"rendered":"Projeto \u201c\u00c1gua: hoje&#8230; e amanh\u00e3?\u201d inicia nova turma com visita \u00e0 Esta\u00e7\u00e3o de Tratamento de \u00c1gua"},"content":{"rendered":"<p>O Projeto \u201c\u00c1gua: hoje&#8230; e amanh\u00e3?\u201d, parceria entre Departamento de Agricultura e Meio Ambiente e ETEC \u201cManoel dos Reis Ara\u00fajo\u201d desde 2021, iniciou nessa quarta-feira, dia 01 de junho de 2022, uma nova turma, onde os alunos tiveram a oportunidade de conhecer a Esta\u00e7\u00e3o de Tratamento de \u00c1gua de nosso munic\u00edpio (COMASA).<br \/>\nDurante a visita a Encarregada de Opera\u00e7\u00e3o L\u00edvia Maria Ottaviano explicou cada etapa de tratamento que a \u00e1gua passa do momento em que ela chega na Esta\u00e7\u00e3o at\u00e9 o momento em que ela sai absolutamente tratada, explorando os controles realizados (CCO, an\u00e1lises) e conversando um pouco sobre a legisla\u00e7\u00e3o vigente.<\/p>\n<p><img decoding=\"async\" class=\"aligncenter size-full wp-image-6365\" src=\"http:\/\/www.santaritadopassaquatro.sp.gov.br\/portal\/wp-content\/uploads\/2022\/06\/1ad1c11d-6fd6-4f04-b23d-91a3ae0ae0d0.jpg\" alt=\"\" width=\"1280\" height=\"576\" \/> <img decoding=\"async\" class=\"aligncenter size-large wp-image-6367\" src=\"http:\/\/www.santaritadopassaquatro.sp.gov.br\/portal\/wp-content\/uploads\/2022\/06\/a069d729-6184-4fa5-9391-5a34332d0dea.jpg\" alt=\"\" width=\"800\" height=\"450\" \/> <img decoding=\"async\" class=\"aligncenter size-large wp-image-6368\" src=\"http:\/\/www.santaritadopassaquatro.sp.gov.br\/portal\/wp-content\/uploads\/2022\/06\/e37cac58-4adf-4ffc-beea-fbd678d90813.jpg\" alt=\"\" width=\"800\" height=\"360\" \/><\/p>\n","protected":false},"excerpt":{"rendered":"<p>O Projeto \u201c\u00c1gua: hoje&#8230; e amanh\u00e3?\u201d, parceria entre Departamento de Agricultura e Meio Ambiente e ETEC \u201cManoel dos Reis Ara\u00fajo\u201d<\/p>\n","protected":false},"author":1,"featured_media":6366,"comment_status":"closed","ping_status":"open","sticky":false,"template":"","format":"standard","meta":{"footnotes":""},"categories":[53],"tags":[],"class_list":["post-6364","post","type-post","status-publish","format-standard","has-post-thumbnail","hentry","category-meio-ambiente"],"_links":{"self":[{"href":"https:\/\/www.santaritadopassaquatro.sp.gov.br\/portal\/wp-json\/wp\/v2\/posts\/6364","targetHints":{"allow":["GET"]}}],"collection":[{"href":"https:\/\/www.santaritadopassaquatro.sp.gov.br\/portal\/wp-json\/wp\/v2\/posts"}],"about":[{"href":"https:\/\/www.santaritadopassaquatro.sp.gov.br\/portal\/wp-json\/wp\/v2\/types\/post"}],"author":[{"embeddable":true,"href":"https:\/\/www.santaritadopassaquatro.sp.gov.br\/portal\/wp-json\/wp\/v2\/users\/1"}],"replies":[{"embeddable":true,"href":"https:\/\/www.santaritadopassaquatro.sp.gov.br\/portal\/wp-json\/wp\/v2\/comments?post=6364"}],"version-history":[{"count":1,"href":"https:\/\/www.santaritadopassaquatro.sp.gov.br\/portal\/wp-json\/wp\/v2\/posts\/6364\/revisions"}],"predecessor-version":[{"id":6369,"href":"https:\/\/www.santaritadopassaquatro.sp.gov.br\/portal\/wp-json\/wp\/v2\/posts\/6364\/revisions\/6369"}],"wp:featuredmedia":[{"embeddable":true,"href":"https:\/\/www.santaritadopassaquatro.sp.gov.br\/portal\/wp-json\/wp\/v2\/media\/6366"}],"wp:attachment":[{"href":"https:\/\/www.santaritadopassaquatro.sp.gov.br\/portal\/wp-json\/wp\/v2\/media?parent=6364"}],"wp:term":[{"taxonomy":"category","embeddable":true,"href":"https:\/\/www.santaritadopassaquatro.sp.gov.br\/portal\/wp-json\/wp\/v2\/categories?post=6364"},{"taxonomy":"post_tag","embeddable":true,"href":"https:\/\/www.santaritadopassaquatro.sp.gov.br\/portal\/wp-json\/wp\/v2\/tags?post=6364"}],"curies":[{"name":"wp","href":"https:\/\/api.w.org\/{rel}","templated":true}]}}