{"id":6370,"date":"2022-06-06T15:09:19","date_gmt":"2022-06-06T18:09:19","guid":{"rendered":"http:\/\/www.santaritadopassaquatro.sp.gov.br\/portal\/?p=6370"},"modified":"2022-06-06T15:10:19","modified_gmt":"2022-06-06T18:10:19","slug":"6370-2","status":"publish","type":"post","link":"https:\/\/www.santaritadopassaquatro.sp.gov.br\/portal\/6370-2\/","title":{"rendered":"4\u00aa DOSE LIBERADA PARA PESSOAS A PARTIR DE 50 ANOS E PROFISSIONAIS DE SA\u00daDE &#8211; 3\u00aa DOSE PARA TODOS A PARTIR DE 12 ANOS"},"content":{"rendered":"<p>A vacina\u00e7\u00e3o da primeira dose est\u00e1 liberada para todos com idade a partir de 05 anos.<\/p>\n<p>A segunda dose est\u00e1 liberada para quem tomou AstraZeneca, Pfizer e CoronaVac. Veja o prazo de espera na caderneta de vacina\u00e7\u00e3o.<\/p>\n<p>Todos com idade a partir de 12 anos, poder\u00e3o receber a dose de refor\u00e7o, depois de 4 meses de intervalo da segunda dose<\/p>\n<p>J\u00e1 podem receber a dose adicional todos aqueles que tomaram o imunizante da JANSSEN h\u00e1 dois meses ou mais. Os imunizantes a serem aplicados ser\u00e3o Pfizer, Coronavac E Janssen.<\/p>\n<p>Est\u00e1 liberada a quarta dose, para pessoas a partir de 50 anos e profissionais de sa\u00fade que tenham tomado a terceira dose a 4 mes\u2026<\/p>\n<p><img decoding=\"async\" class=\"aligncenter size-full wp-image-6371\" src=\"http:\/\/www.santaritadopassaquatro.sp.gov.br\/portal\/wp-content\/uploads\/2022\/06\/3c15a178-4833-486d-ae7b-5be5e16c2213.jpg\" alt=\"\" width=\"1080\" height=\"1080\" \/><\/p>\n","protected":false},"excerpt":{"rendered":"<p>A vacina\u00e7\u00e3o da primeira dose est\u00e1 liberada para todos com idade a partir de 05 anos. A segunda dose est\u00e1<\/p>\n","protected":false},"author":1,"featured_media":6371,"comment_status":"closed","ping_status":"open","sticky":false,"template":"","format":"standard","meta":{"footnotes":""},"categories":[40,58],"tags":[],"class_list":["post-6370","post","type-post","status-publish","format-standard","has-post-thumbnail","hentry","category-covid-19","category-health"],"_links":{"self":[{"href":"https:\/\/www.santaritadopassaquatro.sp.gov.br\/portal\/wp-json\/wp\/v2\/posts\/6370","targetHints":{"allow":["GET"]}}],"collection":[{"href":"https:\/\/www.santaritadopassaquatro.sp.gov.br\/portal\/wp-json\/wp\/v2\/posts"}],"about":[{"href":"https:\/\/www.santaritadopassaquatro.sp.gov.br\/portal\/wp-json\/wp\/v2\/types\/post"}],"author":[{"embeddable":true,"href":"https:\/\/www.santaritadopassaquatro.sp.gov.br\/portal\/wp-json\/wp\/v2\/users\/1"}],"replies":[{"embeddable":true,"href":"https:\/\/www.santaritadopassaquatro.sp.gov.br\/portal\/wp-json\/wp\/v2\/comments?post=6370"}],"version-history":[{"count":3,"href":"https:\/\/www.santaritadopassaquatro.sp.gov.br\/portal\/wp-json\/wp\/v2\/posts\/6370\/revisions"}],"predecessor-version":[{"id":6374,"href":"https:\/\/www.santaritadopassaquatro.sp.gov.br\/portal\/wp-json\/wp\/v2\/posts\/6370\/revisions\/6374"}],"wp:featuredmedia":[{"embeddable":true,"href":"https:\/\/www.santaritadopassaquatro.sp.gov.br\/portal\/wp-json\/wp\/v2\/media\/6371"}],"wp:attachment":[{"href":"https:\/\/www.santaritadopassaquatro.sp.gov.br\/portal\/wp-json\/wp\/v2\/media?parent=6370"}],"wp:term":[{"taxonomy":"category","embeddable":true,"href":"https:\/\/www.santaritadopassaquatro.sp.gov.br\/portal\/wp-json\/wp\/v2\/categories?post=6370"},{"taxonomy":"post_tag","embeddable":true,"href":"https:\/\/www.santaritadopassaquatro.sp.gov.br\/portal\/wp-json\/wp\/v2\/tags?post=6370"}],"curies":[{"name":"wp","href":"https:\/\/api.w.org\/{rel}","templated":true}]}}