{"id":6375,"date":"2022-06-07T10:56:15","date_gmt":"2022-06-07T13:56:15","guid":{"rendered":"http:\/\/www.santaritadopassaquatro.sp.gov.br\/portal\/?p=6375"},"modified":"2022-06-07T10:56:15","modified_gmt":"2022-06-07T13:56:15","slug":"intervencao-operacao-corta-fogo-na-semana-do-meio-ambiente","status":"publish","type":"post","link":"https:\/\/www.santaritadopassaquatro.sp.gov.br\/portal\/intervencao-operacao-corta-fogo-na-semana-do-meio-ambiente\/","title":{"rendered":"Interven\u00e7\u00e3o Opera\u00e7\u00e3o Corta-Fogo na Semana do Meio Ambiente"},"content":{"rendered":"<p>Na sexta-feira dia 03 de junho de 2022, alguns membros da equipe Corta-Fogo, Departamento de Agricultura e Meio Ambiente, Departamento de Servi\u00e7os Municipais, Parque Estadual de Vassununga, COMASA, Usina Moreno e a Defesa Civil do munic\u00edpio de Porto Ferreira, participaram de uma carreata, orientando os moradores sobre os riscos de provocar queimadas urbanas, rurais e florestais.<br \/>\nNo ano de 2021, mais de 111 chamados foram atendidos pelo grupo Corta-Fogo, sendo imprescind\u00edvel a colabora\u00e7\u00e3o dae todos para o combate \u00e1gil aos focos de inc\u00eandio, minimizando os danos e impactos ambientais, sociais e econ\u00f4micos em nosso munic\u00edpio.<br \/>\nQueimada Urbana \u00e9 crime, prevista pela Lei Municipal 3.471 de 19 de junho de 2019, com multa de at\u00e9 R$ 800,00 para o infrator. Al\u00e9m de prejudicar o meio ambiente, as queimadas s\u00e3o prejudiciais para a sa\u00fade, provocando e agravando problemas respirat\u00f3rios.<br \/>\nFa\u00e7a a sua parte, denuncie! Proteja o nosso meio ambiente<\/p>\n<p><img decoding=\"async\" class=\"aligncenter size-full wp-image-6376\" src=\"http:\/\/www.santaritadopassaquatro.sp.gov.br\/portal\/wp-content\/uploads\/2022\/06\/39a56d9e-9fba-4f1f-b0e3-5e4f41931da9.jpg\" alt=\"\" width=\"1024\" height=\"1280\" \/> <img decoding=\"async\" class=\"aligncenter size-large wp-image-6378\" src=\"http:\/\/www.santaritadopassaquatro.sp.gov.br\/portal\/wp-content\/uploads\/2022\/06\/573578a7-9cb5-4996-b4df-81c4ca6e528f.jpg\" alt=\"\" width=\"800\" height=\"420\" \/> <img decoding=\"async\" class=\"aligncenter size-large wp-image-6379\" src=\"http:\/\/www.santaritadopassaquatro.sp.gov.br\/portal\/wp-content\/uploads\/2022\/06\/17677855-66bd-4ea9-806a-65d0b1e11b30.jpg\" alt=\"\" width=\"800\" height=\"420\" \/><\/p>\n","protected":false},"excerpt":{"rendered":"<p>Na sexta-feira dia 03 de junho de 2022, alguns membros da equipe Corta-Fogo, Departamento de Agricultura e Meio Ambiente, Departamento<\/p>\n","protected":false},"author":1,"featured_media":6377,"comment_status":"closed","ping_status":"open","sticky":false,"template":"","format":"standard","meta":{"footnotes":""},"categories":[53],"tags":[],"class_list":["post-6375","post","type-post","status-publish","format-standard","has-post-thumbnail","hentry","category-meio-ambiente"],"_links":{"self":[{"href":"https:\/\/www.santaritadopassaquatro.sp.gov.br\/portal\/wp-json\/wp\/v2\/posts\/6375","targetHints":{"allow":["GET"]}}],"collection":[{"href":"https:\/\/www.santaritadopassaquatro.sp.gov.br\/portal\/wp-json\/wp\/v2\/posts"}],"about":[{"href":"https:\/\/www.santaritadopassaquatro.sp.gov.br\/portal\/wp-json\/wp\/v2\/types\/post"}],"author":[{"embeddable":true,"href":"https:\/\/www.santaritadopassaquatro.sp.gov.br\/portal\/wp-json\/wp\/v2\/users\/1"}],"replies":[{"embeddable":true,"href":"https:\/\/www.santaritadopassaquatro.sp.gov.br\/portal\/wp-json\/wp\/v2\/comments?post=6375"}],"version-history":[{"count":1,"href":"https:\/\/www.santaritadopassaquatro.sp.gov.br\/portal\/wp-json\/wp\/v2\/posts\/6375\/revisions"}],"predecessor-version":[{"id":6380,"href":"https:\/\/www.santaritadopassaquatro.sp.gov.br\/portal\/wp-json\/wp\/v2\/posts\/6375\/revisions\/6380"}],"wp:featuredmedia":[{"embeddable":true,"href":"https:\/\/www.santaritadopassaquatro.sp.gov.br\/portal\/wp-json\/wp\/v2\/media\/6377"}],"wp:attachment":[{"href":"https:\/\/www.santaritadopassaquatro.sp.gov.br\/portal\/wp-json\/wp\/v2\/media?parent=6375"}],"wp:term":[{"taxonomy":"category","embeddable":true,"href":"https:\/\/www.santaritadopassaquatro.sp.gov.br\/portal\/wp-json\/wp\/v2\/categories?post=6375"},{"taxonomy":"post_tag","embeddable":true,"href":"https:\/\/www.santaritadopassaquatro.sp.gov.br\/portal\/wp-json\/wp\/v2\/tags?post=6375"}],"curies":[{"name":"wp","href":"https:\/\/api.w.org\/{rel}","templated":true}]}}