{"id":6400,"date":"2022-06-07T11:04:08","date_gmt":"2022-06-07T14:04:08","guid":{"rendered":"http:\/\/www.santaritadopassaquatro.sp.gov.br\/portal\/?p=6400"},"modified":"2022-06-07T11:04:08","modified_gmt":"2022-06-07T14:04:08","slug":"doacao-de-mudas-e-acao-de-educacao-ambiental-na-feira-do-produtor-em-comemoracao-a-semana-do-meio-ambiente","status":"publish","type":"post","link":"https:\/\/www.santaritadopassaquatro.sp.gov.br\/portal\/doacao-de-mudas-e-acao-de-educacao-ambiental-na-feira-do-produtor-em-comemoracao-a-semana-do-meio-ambiente\/","title":{"rendered":"Doa\u00e7\u00e3o de Mudas e A\u00e7\u00e3o de Educa\u00e7\u00e3o Ambiental na Feira do Produtor em comemora\u00e7\u00e3o \u00e0 Semana do Meio Ambiente"},"content":{"rendered":"<p>No s\u00e1bado, dia 04 de junho de 2022, o DAMA, Pol\u00edcia Ambiental e Parque Estadual Vassununga, estiverem presentes na Feira do Agricultor para realizar a\u00e7\u00f5es em comemora\u00e7\u00e3o \u00e0 Semana do Meio Ambiente.<br \/>\nAs a\u00e7\u00f5es realizadas foram:<br \/>\n&#8211; Doa\u00e7\u00e3o de 160 mudas nativas;<br \/>\n&#8211; Atividades de educa\u00e7\u00e3o ambiental;<br \/>\n&#8211; Exposi\u00e7\u00e3o sobre a biodiversidade do Parque Estadual Vassununga;<br \/>\n&#8211; Campanha de preven\u00e7\u00e3o a inc\u00eandios florestais (Opera\u00e7\u00e3o Corta-Fogo).<br \/>\nEssas esp\u00e9cies que foram introduzidas contribuir\u00e3o para restaura\u00e7\u00e3o ecol\u00f3gica dessa \u00e1rea t\u00e3o importante para todos santa-ritenses que buscam sua \u00e1gua de todo dia na mina do horto florestal.<\/p>\n<p><img decoding=\"async\" class=\"aligncenter size-large wp-image-6402\" src=\"http:\/\/www.santaritadopassaquatro.sp.gov.br\/portal\/wp-content\/uploads\/2022\/06\/13fe5e75-60dc-46e9-8912-506be8daf6ec.jpg\" alt=\"\" width=\"800\" height=\"420\" \/> <img decoding=\"async\" class=\"aligncenter size-large wp-image-6403\" src=\"http:\/\/www.santaritadopassaquatro.sp.gov.br\/portal\/wp-content\/uploads\/2022\/06\/30e71573-f45b-44fa-97c7-ab2fd1fa7c04.jpg\" alt=\"\" width=\"800\" height=\"420\" \/> <img decoding=\"async\" class=\"aligncenter size-large wp-image-6404\" src=\"http:\/\/www.santaritadopassaquatro.sp.gov.br\/portal\/wp-content\/uploads\/2022\/06\/38b3494a-c6b4-4576-99c0-3a5326c2f84b.jpg\" alt=\"\" width=\"800\" height=\"1000\" \/> <img decoding=\"async\" class=\"aligncenter size-large wp-image-6405\" src=\"http:\/\/www.santaritadopassaquatro.sp.gov.br\/portal\/wp-content\/uploads\/2022\/06\/491d5697-d3e0-4e02-accd-3faceb644658.jpg\" alt=\"\" width=\"800\" height=\"420\" \/> <img decoding=\"async\" class=\"aligncenter size-large wp-image-6406\" src=\"http:\/\/www.santaritadopassaquatro.sp.gov.br\/portal\/wp-content\/uploads\/2022\/06\/541a9257-d91a-4e87-b5f4-c4f4c276a41b.jpg\" alt=\"\" width=\"800\" height=\"420\" \/> <img decoding=\"async\" class=\"aligncenter size-large wp-image-6407\" src=\"http:\/\/www.santaritadopassaquatro.sp.gov.br\/portal\/wp-content\/uploads\/2022\/06\/10017d0a-a3e0-4d1f-b0aa-337e7374f56b.jpg\" alt=\"\" width=\"800\" height=\"420\" \/> <img decoding=\"async\" class=\"aligncenter size-large wp-image-6408\" src=\"http:\/\/www.santaritadopassaquatro.sp.gov.br\/portal\/wp-content\/uploads\/2022\/06\/b6f55d79-189b-4ff2-a46e-cff53e934e1c.jpg\" alt=\"\" width=\"800\" height=\"420\" \/> <img decoding=\"async\" class=\"aligncenter size-large wp-image-6409\" src=\"http:\/\/www.santaritadopassaquatro.sp.gov.br\/portal\/wp-content\/uploads\/2022\/06\/ed76e8cc-6c4f-49c7-a294-1e338469b5d5.jpg\" alt=\"\" width=\"800\" height=\"420\" \/> <img decoding=\"async\" class=\"aligncenter size-full wp-image-6410\" src=\"http:\/\/www.santaritadopassaquatro.sp.gov.br\/portal\/wp-content\/uploads\/2022\/06\/fcbc1395-67d5-4437-9166-405c70e5001d.jpg\" alt=\"\" width=\"1200\" height=\"630\" \/><\/p>\n","protected":false},"excerpt":{"rendered":"<p>No s\u00e1bado, dia 04 de junho de 2022, o DAMA, Pol\u00edcia Ambiental e Parque Estadual Vassununga, estiverem presentes na Feira<\/p>\n","protected":false},"author":1,"featured_media":6401,"comment_status":"closed","ping_status":"open","sticky":false,"template":"","format":"standard","meta":{"footnotes":""},"categories":[53],"tags":[],"class_list":["post-6400","post","type-post","status-publish","format-standard","has-post-thumbnail","hentry","category-meio-ambiente"],"_links":{"self":[{"href":"https:\/\/www.santaritadopassaquatro.sp.gov.br\/portal\/wp-json\/wp\/v2\/posts\/6400","targetHints":{"allow":["GET"]}}],"collection":[{"href":"https:\/\/www.santaritadopassaquatro.sp.gov.br\/portal\/wp-json\/wp\/v2\/posts"}],"about":[{"href":"https:\/\/www.santaritadopassaquatro.sp.gov.br\/portal\/wp-json\/wp\/v2\/types\/post"}],"author":[{"embeddable":true,"href":"https:\/\/www.santaritadopassaquatro.sp.gov.br\/portal\/wp-json\/wp\/v2\/users\/1"}],"replies":[{"embeddable":true,"href":"https:\/\/www.santaritadopassaquatro.sp.gov.br\/portal\/wp-json\/wp\/v2\/comments?post=6400"}],"version-history":[{"count":1,"href":"https:\/\/www.santaritadopassaquatro.sp.gov.br\/portal\/wp-json\/wp\/v2\/posts\/6400\/revisions"}],"predecessor-version":[{"id":6411,"href":"https:\/\/www.santaritadopassaquatro.sp.gov.br\/portal\/wp-json\/wp\/v2\/posts\/6400\/revisions\/6411"}],"wp:featuredmedia":[{"embeddable":true,"href":"https:\/\/www.santaritadopassaquatro.sp.gov.br\/portal\/wp-json\/wp\/v2\/media\/6401"}],"wp:attachment":[{"href":"https:\/\/www.santaritadopassaquatro.sp.gov.br\/portal\/wp-json\/wp\/v2\/media?parent=6400"}],"wp:term":[{"taxonomy":"category","embeddable":true,"href":"https:\/\/www.santaritadopassaquatro.sp.gov.br\/portal\/wp-json\/wp\/v2\/categories?post=6400"},{"taxonomy":"post_tag","embeddable":true,"href":"https:\/\/www.santaritadopassaquatro.sp.gov.br\/portal\/wp-json\/wp\/v2\/tags?post=6400"}],"curies":[{"name":"wp","href":"https:\/\/api.w.org\/{rel}","templated":true}]}}