{"id":6412,"date":"2022-06-07T15:01:55","date_gmt":"2022-06-07T18:01:55","guid":{"rendered":"http:\/\/www.santaritadopassaquatro.sp.gov.br\/portal\/?p=6412"},"modified":"2022-06-07T15:01:55","modified_gmt":"2022-06-07T18:01:55","slug":"pedal-ecologico-e-plantio-de-mudas-na-estacao-experimental-fecham-a-semana-do-meio-ambiente","status":"publish","type":"post","link":"https:\/\/www.santaritadopassaquatro.sp.gov.br\/portal\/pedal-ecologico-e-plantio-de-mudas-na-estacao-experimental-fecham-a-semana-do-meio-ambiente\/","title":{"rendered":"Pedal Ecol\u00f3gico e Plantio de Mudas na Esta\u00e7\u00e3o Experimental fecham a Semana do Meio Ambiente"},"content":{"rendered":"<p>No domingo, 05 de junho de 2021, Dia Mundial do Meio Ambiente, o DAMA em parceria com a Esta\u00e7\u00e3o Experimental (Horto Florestal) e com o grupo de ciclistas Ktrak do Abreu, realizaram um pedal ecol\u00f3gico com cerca de 15 km pelas estradas rurais, com o intuito de comemorar esse dia t\u00e3o importante, percebendo as belezas naturais de nosso munic\u00edpio.<br \/>\nCom sa\u00edda e volta partindo da Esta\u00e7\u00e3o Experimental (Horto Florestal), foi realizado ao fim do percurso o plantio de 18 \u00e1rvores nativas em \u00e1rea de preserva\u00e7\u00e3o permanente. Cedro &#8211; Rosa, Dedaleiro, Jeriv\u00e1, Embira de Sapo, Angico e Paineira foram algumas das esp\u00e9cies levadas para o plantio. Essas esp\u00e9cies que foram introduzidas contribuir\u00e3o para restaura\u00e7\u00e3o ecol\u00f3gica dessa \u00e1rea t\u00e3o importante para todos santa-ritenses que buscam sua \u00e1gua de todo dia na mina do horto florestal.<\/p>\n<p><img decoding=\"async\" class=\"aligncenter size-full wp-image-6413\" src=\"http:\/\/www.santaritadopassaquatro.sp.gov.br\/portal\/wp-content\/uploads\/2022\/06\/0a43a236-a8e0-478e-9c13-2e6a266d29df.jpg\" alt=\"\" width=\"1024\" height=\"1280\" \/> <img decoding=\"async\" class=\"aligncenter size-large wp-image-6414\" src=\"http:\/\/www.santaritadopassaquatro.sp.gov.br\/portal\/wp-content\/uploads\/2022\/06\/37d1ac9e-d10c-4d51-be0e-73613230e813.jpg\" alt=\"\" width=\"800\" height=\"420\" \/> <img decoding=\"async\" class=\"aligncenter size-large wp-image-6415\" src=\"http:\/\/www.santaritadopassaquatro.sp.gov.br\/portal\/wp-content\/uploads\/2022\/06\/65adca5b-a78b-4367-a873-09ba48517d35.jpg\" alt=\"\" width=\"800\" height=\"1000\" \/> <img decoding=\"async\" class=\"aligncenter size-large wp-image-6416\" src=\"http:\/\/www.santaritadopassaquatro.sp.gov.br\/portal\/wp-content\/uploads\/2022\/06\/96c8b987-fbea-4e2e-9cd5-608f268aef6b.jpg\" alt=\"\" width=\"800\" height=\"1000\" \/> <img decoding=\"async\" class=\"aligncenter size-large wp-image-6417\" src=\"http:\/\/www.santaritadopassaquatro.sp.gov.br\/portal\/wp-content\/uploads\/2022\/06\/53918a08-628d-45b0-82cc-0c61f3c7bb41.jpg\" alt=\"\" width=\"800\" height=\"420\" \/> <img decoding=\"async\" class=\"aligncenter size-large wp-image-6419\" src=\"http:\/\/www.santaritadopassaquatro.sp.gov.br\/portal\/wp-content\/uploads\/2022\/06\/c885778e-4802-4912-b1ea-2207514a05ab.jpg\" alt=\"\" width=\"800\" height=\"1000\" \/> <img decoding=\"async\" class=\"aligncenter size-large wp-image-6420\" src=\"http:\/\/www.santaritadopassaquatro.sp.gov.br\/portal\/wp-content\/uploads\/2022\/06\/d9d7c243-7b35-4479-9365-5c987c24d101.jpg\" alt=\"\" width=\"800\" height=\"1000\" \/> <img decoding=\"async\" class=\"aligncenter size-large wp-image-6421\" src=\"http:\/\/www.santaritadopassaquatro.sp.gov.br\/portal\/wp-content\/uploads\/2022\/06\/d0365da8-0223-4a58-8e9f-10f674239fa4.jpg\" alt=\"\" width=\"800\" height=\"1000\" \/> <img decoding=\"async\" class=\"aligncenter size-large wp-image-6422\" src=\"http:\/\/www.santaritadopassaquatro.sp.gov.br\/portal\/wp-content\/uploads\/2022\/06\/d4458e42-d460-408c-bd35-546bb0656125.jpg\" alt=\"\" width=\"800\" height=\"420\" \/> <img decoding=\"async\" class=\"aligncenter size-large wp-image-6423\" src=\"http:\/\/www.santaritadopassaquatro.sp.gov.br\/portal\/wp-content\/uploads\/2022\/06\/e487ff62-e711-4acf-b360-f2b7f39eebb6.jpg\" alt=\"\" width=\"800\" height=\"420\" \/> <img decoding=\"async\" class=\"aligncenter size-large wp-image-6424\" src=\"http:\/\/www.santaritadopassaquatro.sp.gov.br\/portal\/wp-content\/uploads\/2022\/06\/f21e1b39-0a54-4e33-a88a-985ffc73da74.jpg\" alt=\"\" width=\"800\" height=\"420\" \/><\/p>\n","protected":false},"excerpt":{"rendered":"<p>No domingo, 05 de junho de 2021, Dia Mundial do Meio Ambiente, o DAMA em parceria com a Esta\u00e7\u00e3o Experimental<\/p>\n","protected":false},"author":1,"featured_media":6418,"comment_status":"closed","ping_status":"open","sticky":false,"template":"","format":"standard","meta":{"footnotes":""},"categories":[53],"tags":[],"class_list":["post-6412","post","type-post","status-publish","format-standard","has-post-thumbnail","hentry","category-meio-ambiente"],"_links":{"self":[{"href":"https:\/\/www.santaritadopassaquatro.sp.gov.br\/portal\/wp-json\/wp\/v2\/posts\/6412","targetHints":{"allow":["GET"]}}],"collection":[{"href":"https:\/\/www.santaritadopassaquatro.sp.gov.br\/portal\/wp-json\/wp\/v2\/posts"}],"about":[{"href":"https:\/\/www.santaritadopassaquatro.sp.gov.br\/portal\/wp-json\/wp\/v2\/types\/post"}],"author":[{"embeddable":true,"href":"https:\/\/www.santaritadopassaquatro.sp.gov.br\/portal\/wp-json\/wp\/v2\/users\/1"}],"replies":[{"embeddable":true,"href":"https:\/\/www.santaritadopassaquatro.sp.gov.br\/portal\/wp-json\/wp\/v2\/comments?post=6412"}],"version-history":[{"count":1,"href":"https:\/\/www.santaritadopassaquatro.sp.gov.br\/portal\/wp-json\/wp\/v2\/posts\/6412\/revisions"}],"predecessor-version":[{"id":6426,"href":"https:\/\/www.santaritadopassaquatro.sp.gov.br\/portal\/wp-json\/wp\/v2\/posts\/6412\/revisions\/6426"}],"wp:featuredmedia":[{"embeddable":true,"href":"https:\/\/www.santaritadopassaquatro.sp.gov.br\/portal\/wp-json\/wp\/v2\/media\/6418"}],"wp:attachment":[{"href":"https:\/\/www.santaritadopassaquatro.sp.gov.br\/portal\/wp-json\/wp\/v2\/media?parent=6412"}],"wp:term":[{"taxonomy":"category","embeddable":true,"href":"https:\/\/www.santaritadopassaquatro.sp.gov.br\/portal\/wp-json\/wp\/v2\/categories?post=6412"},{"taxonomy":"post_tag","embeddable":true,"href":"https:\/\/www.santaritadopassaquatro.sp.gov.br\/portal\/wp-json\/wp\/v2\/tags?post=6412"}],"curies":[{"name":"wp","href":"https:\/\/api.w.org\/{rel}","templated":true}]}}