{"id":6427,"date":"2022-06-10T16:54:32","date_gmt":"2022-06-10T19:54:32","guid":{"rendered":"http:\/\/www.santaritadopassaquatro.sp.gov.br\/portal\/?p=6427"},"modified":"2022-06-10T16:54:32","modified_gmt":"2022-06-10T19:54:32","slug":"projeto-espalha-brasa-zequinha-de-abreu-na-viola-caipira-com-caio-de-souza-quarteto","status":"publish","type":"post","link":"https:\/\/www.santaritadopassaquatro.sp.gov.br\/portal\/projeto-espalha-brasa-zequinha-de-abreu-na-viola-caipira-com-caio-de-souza-quarteto\/","title":{"rendered":"PROJETO ESPALHA BRASA &#8211; ZEQUINHA DE ABREU NA VIOLA CAIPIRA, COM CAIO DE SOUZA QUARTETO"},"content":{"rendered":"<p>Projeto contemplado pela lei federal &#8221; Aldir Blanc&#8221; de emerg\u00eancia cultural, viabilizado pela gest\u00e3o do Prefeito Marcelo Sim\u00e3o e Vice, Professor M\u00e1rcio Reis, atrav\u00e9s do Departamento de Cultura.<br \/>\nDia 17 de junho, \u00e0s 20h00, na Pra\u00e7a Poeta M\u00e1rio Mattoso (Plataforma do Museu Hist\u00f3rico e Pedag\u00f3gico Zequinha de Abreu) teremos a apresenta\u00e7\u00e3o musical do projeto &#8220;ESPALHA BRASA &#8211; ZEQUINHA de ABREU na VIOLA CAIPIRA&#8221;, com CAIO DE SOUZA QUARTETO.<br \/>\n\u00c9 a violinha com um regional de chorinho, cavaco, pandeiro e viol\u00e3o sete cordas!<br \/>\nFazem parte desta empreitada os m\u00fasicos @rs_rodrigo_carneiro, @emerson.bernardes.31 e @claudinho__martins.<br \/>\nA bel\u00edssima arte do cartaz \u00e9 da artista pl\u00e1stica @buccinilucia e o design \u00e9 da @nataliaresegue.<br \/>\nNOSSA CULTURA EM A\u00c7\u00c3O!!!!<\/p>\n<p><img decoding=\"async\" class=\"aligncenter size-full wp-image-6428\" src=\"http:\/\/www.santaritadopassaquatro.sp.gov.br\/portal\/wp-content\/uploads\/2022\/06\/3f27193b-fb3b-49ac-887c-ebff7c9f43ed.jpg\" alt=\"\" width=\"1080\" height=\"1080\" \/><\/p>\n","protected":false},"excerpt":{"rendered":"<p>Projeto contemplado pela lei federal &#8221; Aldir Blanc&#8221; de emerg\u00eancia cultural, viabilizado pela gest\u00e3o do Prefeito Marcelo Sim\u00e3o e Vice,<\/p>\n","protected":false},"author":1,"featured_media":6428,"comment_status":"closed","ping_status":"open","sticky":false,"template":"","format":"standard","meta":{"footnotes":""},"categories":[46,48],"tags":[],"class_list":["post-6427","post","type-post","status-publish","format-standard","has-post-thumbnail","hentry","category-cultura","category-featured"],"_links":{"self":[{"href":"https:\/\/www.santaritadopassaquatro.sp.gov.br\/portal\/wp-json\/wp\/v2\/posts\/6427","targetHints":{"allow":["GET"]}}],"collection":[{"href":"https:\/\/www.santaritadopassaquatro.sp.gov.br\/portal\/wp-json\/wp\/v2\/posts"}],"about":[{"href":"https:\/\/www.santaritadopassaquatro.sp.gov.br\/portal\/wp-json\/wp\/v2\/types\/post"}],"author":[{"embeddable":true,"href":"https:\/\/www.santaritadopassaquatro.sp.gov.br\/portal\/wp-json\/wp\/v2\/users\/1"}],"replies":[{"embeddable":true,"href":"https:\/\/www.santaritadopassaquatro.sp.gov.br\/portal\/wp-json\/wp\/v2\/comments?post=6427"}],"version-history":[{"count":1,"href":"https:\/\/www.santaritadopassaquatro.sp.gov.br\/portal\/wp-json\/wp\/v2\/posts\/6427\/revisions"}],"predecessor-version":[{"id":6429,"href":"https:\/\/www.santaritadopassaquatro.sp.gov.br\/portal\/wp-json\/wp\/v2\/posts\/6427\/revisions\/6429"}],"wp:featuredmedia":[{"embeddable":true,"href":"https:\/\/www.santaritadopassaquatro.sp.gov.br\/portal\/wp-json\/wp\/v2\/media\/6428"}],"wp:attachment":[{"href":"https:\/\/www.santaritadopassaquatro.sp.gov.br\/portal\/wp-json\/wp\/v2\/media?parent=6427"}],"wp:term":[{"taxonomy":"category","embeddable":true,"href":"https:\/\/www.santaritadopassaquatro.sp.gov.br\/portal\/wp-json\/wp\/v2\/categories?post=6427"},{"taxonomy":"post_tag","embeddable":true,"href":"https:\/\/www.santaritadopassaquatro.sp.gov.br\/portal\/wp-json\/wp\/v2\/tags?post=6427"}],"curies":[{"name":"wp","href":"https:\/\/api.w.org\/{rel}","templated":true}]}}