{"id":6524,"date":"2022-06-14T15:05:17","date_gmt":"2022-06-14T18:05:17","guid":{"rendered":"http:\/\/www.santaritadopassaquatro.sp.gov.br\/portal\/?p=6524"},"modified":"2022-06-14T15:05:17","modified_gmt":"2022-06-14T18:05:17","slug":"vem-ai-a-tradicional-festa-junina-da-feira-do-produtor","status":"publish","type":"post","link":"https:\/\/www.santaritadopassaquatro.sp.gov.br\/portal\/vem-ai-a-tradicional-festa-junina-da-feira-do-produtor\/","title":{"rendered":"VEM A\u00cd A TRADICIONAL FESTA JUNINA DA FEIRA DO PRODUTOR"},"content":{"rendered":"<p>A Prefeitura Municipal de Santa Rita do Passa Quatro, atrav\u00e9s dos departamentos de Turismo, Cultura, Esporte e Lazer e de Agricultura e Meio Ambiente, promover\u00e1 a Tradicional Festa Junina da Feira do Produtor, trazendo como atra\u00e7\u00e3o a renomada Banda Lan\u00e7aXote, com o melhor do forr\u00f3.<\/p>\n<p>Al\u00e9m disso, teremos decora\u00e7\u00e3o, comidas t\u00edpicas e muita anima\u00e7\u00e3o.<br \/>\nCome\u00e7a \u00e0s 11h00, na Pra\u00e7a do Ros\u00e1rio, na Feira do Produtor Rural.<br \/>\nN\u00e3o vai perder n\u00e9?!<\/p>\n","protected":false},"excerpt":{"rendered":"<p>A Prefeitura Municipal de Santa Rita do Passa Quatro, atrav\u00e9s dos departamentos de Turismo, Cultura, Esporte e Lazer e de<\/p>\n","protected":false},"author":1,"featured_media":6525,"comment_status":"closed","ping_status":"open","sticky":false,"template":"","format":"standard","meta":{"footnotes":""},"categories":[48,60],"tags":[],"class_list":["post-6524","post","type-post","status-publish","format-standard","has-post-thumbnail","hentry","category-featured","category-turismo"],"_links":{"self":[{"href":"https:\/\/www.santaritadopassaquatro.sp.gov.br\/portal\/wp-json\/wp\/v2\/posts\/6524","targetHints":{"allow":["GET"]}}],"collection":[{"href":"https:\/\/www.santaritadopassaquatro.sp.gov.br\/portal\/wp-json\/wp\/v2\/posts"}],"about":[{"href":"https:\/\/www.santaritadopassaquatro.sp.gov.br\/portal\/wp-json\/wp\/v2\/types\/post"}],"author":[{"embeddable":true,"href":"https:\/\/www.santaritadopassaquatro.sp.gov.br\/portal\/wp-json\/wp\/v2\/users\/1"}],"replies":[{"embeddable":true,"href":"https:\/\/www.santaritadopassaquatro.sp.gov.br\/portal\/wp-json\/wp\/v2\/comments?post=6524"}],"version-history":[{"count":1,"href":"https:\/\/www.santaritadopassaquatro.sp.gov.br\/portal\/wp-json\/wp\/v2\/posts\/6524\/revisions"}],"predecessor-version":[{"id":6526,"href":"https:\/\/www.santaritadopassaquatro.sp.gov.br\/portal\/wp-json\/wp\/v2\/posts\/6524\/revisions\/6526"}],"wp:featuredmedia":[{"embeddable":true,"href":"https:\/\/www.santaritadopassaquatro.sp.gov.br\/portal\/wp-json\/wp\/v2\/media\/6525"}],"wp:attachment":[{"href":"https:\/\/www.santaritadopassaquatro.sp.gov.br\/portal\/wp-json\/wp\/v2\/media?parent=6524"}],"wp:term":[{"taxonomy":"category","embeddable":true,"href":"https:\/\/www.santaritadopassaquatro.sp.gov.br\/portal\/wp-json\/wp\/v2\/categories?post=6524"},{"taxonomy":"post_tag","embeddable":true,"href":"https:\/\/www.santaritadopassaquatro.sp.gov.br\/portal\/wp-json\/wp\/v2\/tags?post=6524"}],"curies":[{"name":"wp","href":"https:\/\/api.w.org\/{rel}","templated":true}]}}