{"id":6544,"date":"2022-06-14T16:28:37","date_gmt":"2022-06-14T19:28:37","guid":{"rendered":"http:\/\/www.santaritadopassaquatro.sp.gov.br\/portal\/?p=6544"},"modified":"2022-06-15T16:30:48","modified_gmt":"2022-06-15T19:30:48","slug":"ultimas-vagas-para-o-curso-de-vendas-e-negociacao","status":"publish","type":"post","link":"https:\/\/www.santaritadopassaquatro.sp.gov.br\/portal\/ultimas-vagas-para-o-curso-de-vendas-e-negociacao\/","title":{"rendered":"\u00daLTIMAS VAGAS PARA O CURSO DE VENDAS E NEGOCIA\u00c7\u00c3O"},"content":{"rendered":"<p>A Prefeitura Municipal de Santa Rita do Passa Quatro, na gest\u00e3o do Prefeito Marcelo Sim\u00e3o, abriu inscri\u00e7\u00e3o para o Curso de Vendas e Negocia\u00e7\u00e3o, em uma parceria do Fundo Social de Solidariedade e a Funda\u00e7\u00e3o Salvador Arena.<\/p>\n<p>O curso ter\u00e1 dura\u00e7\u00e3o de 8 horas, nos dias 21 e 22 de julho, das 19h15 \u00e0s 22h30, gratuito e de forma virtual, atrav\u00e9s do da plataforma Microsoft Teams.<\/p>\n<p>Restam poucas vagas!<\/p>\n<p>Para se inscrever acesse o link abaixo ou compare\u00e7a ao Fundo Social, na Rua Visconde de Rio Branco, 1135, 22 de maio.<\/p>\n<p><a href=\"https:\/\/forms.office.com\/pages\/responsepage.aspx?id=obJg7hPXJ0K1NqnyRUgqhzAxzxvM3bJEtMX2mMrYqOFUM043SVhKSEZUUjJDTUtQR1NSVlpWMjRZMi4u\" target=\"_blank\" rel=\"noopener\">https:\/\/forms.office.com\/pages\/responsepage.aspx?id=obJg7hPXJ0K1NqnyRUgqhzAxzxvM3bJEtMX2mMrYqOFUM043SVhKSEZUUjJDTUtQR1NSVlpWMjRZMi4u<\/a><\/p>\n<p><img decoding=\"async\" class=\"aligncenter size-full wp-image-6545\" src=\"http:\/\/www.santaritadopassaquatro.sp.gov.br\/portal\/wp-content\/uploads\/2022\/06\/1e484c00-eac3-46b0-8669-232d08772ef4.jpg\" alt=\"\" width=\"1080\" height=\"1080\" \/><\/p>\n","protected":false},"excerpt":{"rendered":"<p>A Prefeitura Municipal de Santa Rita do Passa Quatro, na gest\u00e3o do Prefeito Marcelo Sim\u00e3o, abriu inscri\u00e7\u00e3o para o Curso<\/p>\n","protected":false},"author":1,"featured_media":6545,"comment_status":"closed","ping_status":"open","sticky":false,"template":"","format":"standard","meta":{"footnotes":""},"categories":[43,52],"tags":[],"class_list":["post-6544","post","type-post","status-publish","format-standard","has-post-thumbnail","hentry","category-assistenciasocial","category-latest"],"_links":{"self":[{"href":"https:\/\/www.santaritadopassaquatro.sp.gov.br\/portal\/wp-json\/wp\/v2\/posts\/6544","targetHints":{"allow":["GET"]}}],"collection":[{"href":"https:\/\/www.santaritadopassaquatro.sp.gov.br\/portal\/wp-json\/wp\/v2\/posts"}],"about":[{"href":"https:\/\/www.santaritadopassaquatro.sp.gov.br\/portal\/wp-json\/wp\/v2\/types\/post"}],"author":[{"embeddable":true,"href":"https:\/\/www.santaritadopassaquatro.sp.gov.br\/portal\/wp-json\/wp\/v2\/users\/1"}],"replies":[{"embeddable":true,"href":"https:\/\/www.santaritadopassaquatro.sp.gov.br\/portal\/wp-json\/wp\/v2\/comments?post=6544"}],"version-history":[{"count":1,"href":"https:\/\/www.santaritadopassaquatro.sp.gov.br\/portal\/wp-json\/wp\/v2\/posts\/6544\/revisions"}],"predecessor-version":[{"id":6546,"href":"https:\/\/www.santaritadopassaquatro.sp.gov.br\/portal\/wp-json\/wp\/v2\/posts\/6544\/revisions\/6546"}],"wp:featuredmedia":[{"embeddable":true,"href":"https:\/\/www.santaritadopassaquatro.sp.gov.br\/portal\/wp-json\/wp\/v2\/media\/6545"}],"wp:attachment":[{"href":"https:\/\/www.santaritadopassaquatro.sp.gov.br\/portal\/wp-json\/wp\/v2\/media?parent=6544"}],"wp:term":[{"taxonomy":"category","embeddable":true,"href":"https:\/\/www.santaritadopassaquatro.sp.gov.br\/portal\/wp-json\/wp\/v2\/categories?post=6544"},{"taxonomy":"post_tag","embeddable":true,"href":"https:\/\/www.santaritadopassaquatro.sp.gov.br\/portal\/wp-json\/wp\/v2\/tags?post=6544"}],"curies":[{"name":"wp","href":"https:\/\/api.w.org\/{rel}","templated":true}]}}