{"id":6547,"date":"2022-06-15T16:32:31","date_gmt":"2022-06-15T19:32:31","guid":{"rendered":"http:\/\/www.santaritadopassaquatro.sp.gov.br\/portal\/?p=6547"},"modified":"2022-06-15T16:32:31","modified_gmt":"2022-06-15T19:32:31","slug":"30o-festival-de-tradicoes-italianas-2","status":"publish","type":"post","link":"https:\/\/www.santaritadopassaquatro.sp.gov.br\/portal\/30o-festival-de-tradicoes-italianas-2\/","title":{"rendered":"30\u00ba FESTIVAL DE TRADI\u00c7\u00d5ES ITALIANAS"},"content":{"rendered":"<p>A Prefeitura Municipal de Santa Rita do Passa Quatro, atrav\u00e9s da gest\u00e3o do Prefeito Marcelo Sim\u00e3o e Professor M\u00e1rcio Reis, est\u00e1 planejando o 30\u00b0 Festival de Tradi\u00e7\u00f5es Italianas para que todos os santa-ritenses e turistas possam desfrutar dessa maravilhosa festa.<br \/>\nSer\u00e3o 3 dias de shows na Pra\u00e7a Poeta M\u00e1rio Mattoso \u2013 Esta\u00e7\u00e3o, com muita dan\u00e7a e pratos t\u00edpicos.<br \/>\nNo dia 08 de julho, \u00e0s 19h30, teremos a Banda Zequinha de Abreu abrindo as festividades; \u00e0s 20h00, teremos Tony Angelli, o maior int\u00e9rprete da m\u00fasica italiana no Brasil e \u00e0s 21h00, Ivano Italian\u00edssimo e Banda encerram a primeira noite de apresenta\u00e7\u00f5es.<br \/>\nO dia 09 teremos Renato Gabianni, a partir das 19h00, e a Banda Via Roma trar\u00e1 toda sua alegria, a partir das 20h30.<br \/>\nNo domingo, dia 10 de julho, as apresenta\u00e7\u00f5es come\u00e7ar\u00e3o um pouco mais cedo, \u00e0s 18h00, com o cantor Ricardo Bombarda fazendo a abertura das apresenta\u00e7\u00f5es e a Banda Felice It\u00e1lia subindo ao palco junto com a Bella e os Tenores.<br \/>\nTodos os intervalos das apresenta\u00e7\u00f5es contar\u00e3o com pequenas interven\u00e7\u00f5es do Grupo Quimera Cultural.<br \/>\nAp\u00f3s dois anos sem Festival de forma presencial, o 30\u00b0 Festival de Tradi\u00e7\u00f5es Italianas est\u00e1 de volta<br \/>\n.<br \/>\nMarque na sua agenda, nos dias 08, 09 e 10 de julho.<br \/>\nUma realiza\u00e7\u00e3o da Prefeitura Municipal de Santa Rita do Passa Quatro atrav\u00e9s do departamento de Cultura e Turismo.<br \/>\n#festaitaliana #santarita # #tradicaoitaliana #italobrasileiro<\/p>\n<p><img decoding=\"async\" class=\"aligncenter size-full wp-image-6548\" src=\"http:\/\/www.santaritadopassaquatro.sp.gov.br\/portal\/wp-content\/uploads\/2022\/06\/c3576bc5-4888-46fe-a098-9be00591d315.jpg\" alt=\"\" width=\"1024\" height=\"1280\" \/><\/p>\n","protected":false},"excerpt":{"rendered":"<p>A Prefeitura Municipal de Santa Rita do Passa Quatro, atrav\u00e9s da gest\u00e3o do Prefeito Marcelo Sim\u00e3o e Professor M\u00e1rcio Reis,<\/p>\n","protected":false},"author":1,"featured_media":6291,"comment_status":"closed","ping_status":"open","sticky":false,"template":"","format":"standard","meta":{"footnotes":""},"categories":[48,60],"tags":[],"class_list":["post-6547","post","type-post","status-publish","format-standard","has-post-thumbnail","hentry","category-featured","category-turismo"],"_links":{"self":[{"href":"https:\/\/www.santaritadopassaquatro.sp.gov.br\/portal\/wp-json\/wp\/v2\/posts\/6547","targetHints":{"allow":["GET"]}}],"collection":[{"href":"https:\/\/www.santaritadopassaquatro.sp.gov.br\/portal\/wp-json\/wp\/v2\/posts"}],"about":[{"href":"https:\/\/www.santaritadopassaquatro.sp.gov.br\/portal\/wp-json\/wp\/v2\/types\/post"}],"author":[{"embeddable":true,"href":"https:\/\/www.santaritadopassaquatro.sp.gov.br\/portal\/wp-json\/wp\/v2\/users\/1"}],"replies":[{"embeddable":true,"href":"https:\/\/www.santaritadopassaquatro.sp.gov.br\/portal\/wp-json\/wp\/v2\/comments?post=6547"}],"version-history":[{"count":1,"href":"https:\/\/www.santaritadopassaquatro.sp.gov.br\/portal\/wp-json\/wp\/v2\/posts\/6547\/revisions"}],"predecessor-version":[{"id":6549,"href":"https:\/\/www.santaritadopassaquatro.sp.gov.br\/portal\/wp-json\/wp\/v2\/posts\/6547\/revisions\/6549"}],"wp:featuredmedia":[{"embeddable":true,"href":"https:\/\/www.santaritadopassaquatro.sp.gov.br\/portal\/wp-json\/wp\/v2\/media\/6291"}],"wp:attachment":[{"href":"https:\/\/www.santaritadopassaquatro.sp.gov.br\/portal\/wp-json\/wp\/v2\/media?parent=6547"}],"wp:term":[{"taxonomy":"category","embeddable":true,"href":"https:\/\/www.santaritadopassaquatro.sp.gov.br\/portal\/wp-json\/wp\/v2\/categories?post=6547"},{"taxonomy":"post_tag","embeddable":true,"href":"https:\/\/www.santaritadopassaquatro.sp.gov.br\/portal\/wp-json\/wp\/v2\/tags?post=6547"}],"curies":[{"name":"wp","href":"https:\/\/api.w.org\/{rel}","templated":true}]}}