{"id":6571,"date":"2022-06-21T15:34:55","date_gmt":"2022-06-21T18:34:55","guid":{"rendered":"http:\/\/www.santaritadopassaquatro.sp.gov.br\/portal\/?p=6571"},"modified":"2022-06-21T15:35:01","modified_gmt":"2022-06-21T18:35:01","slug":"projeto-um-coral-para-criancas-homenagem-as-freiras-do-instituto-das-filhas-de-sao-jose","status":"publish","type":"post","link":"https:\/\/www.santaritadopassaquatro.sp.gov.br\/portal\/projeto-um-coral-para-criancas-homenagem-as-freiras-do-instituto-das-filhas-de-sao-jose\/","title":{"rendered":"PROJETO &#8220;UM CORAL PARA CRIAN\u00c7AS&#8221; &#8211; HOMENAGEM \u00c0S FREIRAS DO INSTITUTO DAS FILHAS DE S\u00c3O JOS\u00c9"},"content":{"rendered":"<p>O projeto visa a apresenta\u00e7\u00e3o musical de um coral infantil, que homenagear\u00e1 as Freiras do Instituto das Filhas de S\u00e3o Jos\u00e9 pelos seus 95 anos de hist\u00f3ria e trabalho social em nosso munic\u00edpio, atrav\u00e9s de can\u00e7\u00f5es preparadas pelo m\u00fasico e professor Ivo Bragante @ivobragante<\/p>\n<p>Dia 23\/06\/2022<br \/>\nHora: 10:00 da manh\u00e3.<br \/>\nLocal: Concha Ac\u00fastica (Pra\u00e7a Zequinha de Abreu)<br \/>\nProjeto contemplado pela lei federal &#8221; Aldir Blanc&#8221; de emerg\u00eancia cultural, viabilizado Prefeitura Municipal de Santa Rita do Passa Quatro atrav\u00e9s do Departamento de Turismo, Cultura, Esporte e Lazer<\/p>\n","protected":false},"excerpt":{"rendered":"<p>O projeto visa a apresenta\u00e7\u00e3o musical de um coral infantil, que homenagear\u00e1 as Freiras do Instituto das Filhas de S\u00e3o<\/p>\n","protected":false},"author":1,"featured_media":6572,"comment_status":"closed","ping_status":"open","sticky":false,"template":"","format":"standard","meta":{"footnotes":""},"categories":[46,52],"tags":[],"class_list":["post-6571","post","type-post","status-publish","format-standard","has-post-thumbnail","hentry","category-cultura","category-latest"],"_links":{"self":[{"href":"https:\/\/www.santaritadopassaquatro.sp.gov.br\/portal\/wp-json\/wp\/v2\/posts\/6571","targetHints":{"allow":["GET"]}}],"collection":[{"href":"https:\/\/www.santaritadopassaquatro.sp.gov.br\/portal\/wp-json\/wp\/v2\/posts"}],"about":[{"href":"https:\/\/www.santaritadopassaquatro.sp.gov.br\/portal\/wp-json\/wp\/v2\/types\/post"}],"author":[{"embeddable":true,"href":"https:\/\/www.santaritadopassaquatro.sp.gov.br\/portal\/wp-json\/wp\/v2\/users\/1"}],"replies":[{"embeddable":true,"href":"https:\/\/www.santaritadopassaquatro.sp.gov.br\/portal\/wp-json\/wp\/v2\/comments?post=6571"}],"version-history":[{"count":1,"href":"https:\/\/www.santaritadopassaquatro.sp.gov.br\/portal\/wp-json\/wp\/v2\/posts\/6571\/revisions"}],"predecessor-version":[{"id":6573,"href":"https:\/\/www.santaritadopassaquatro.sp.gov.br\/portal\/wp-json\/wp\/v2\/posts\/6571\/revisions\/6573"}],"wp:featuredmedia":[{"embeddable":true,"href":"https:\/\/www.santaritadopassaquatro.sp.gov.br\/portal\/wp-json\/wp\/v2\/media\/6572"}],"wp:attachment":[{"href":"https:\/\/www.santaritadopassaquatro.sp.gov.br\/portal\/wp-json\/wp\/v2\/media?parent=6571"}],"wp:term":[{"taxonomy":"category","embeddable":true,"href":"https:\/\/www.santaritadopassaquatro.sp.gov.br\/portal\/wp-json\/wp\/v2\/categories?post=6571"},{"taxonomy":"post_tag","embeddable":true,"href":"https:\/\/www.santaritadopassaquatro.sp.gov.br\/portal\/wp-json\/wp\/v2\/tags?post=6571"}],"curies":[{"name":"wp","href":"https:\/\/api.w.org\/{rel}","templated":true}]}}