{"id":6574,"date":"2022-06-21T15:44:07","date_gmt":"2022-06-21T18:44:07","guid":{"rendered":"http:\/\/www.santaritadopassaquatro.sp.gov.br\/portal\/?p=6574"},"modified":"2022-06-21T15:44:07","modified_gmt":"2022-06-21T18:44:07","slug":"4a-dose-liberada-para-pessoas-a-partir-de-40-anos","status":"publish","type":"post","link":"https:\/\/www.santaritadopassaquatro.sp.gov.br\/portal\/4a-dose-liberada-para-pessoas-a-partir-de-40-anos\/","title":{"rendered":"4\u00aa DOSE LIBERADA PARA PESSOAS A PARTIR DE 40 ANOS"},"content":{"rendered":"<p>A vacina\u00e7\u00e3o da primeira dose est\u00e1 liberada para todos com idade a partir de 05 anos.<\/p>\n<p>A segunda dose est\u00e1 liberada para quem tomou AstraZeneca, Pfizer e CoronaVac. Veja o prazo de espera na caderneta de vacina\u00e7\u00e3o.<\/p>\n<p>Todos com idade a partir de 12 anos, poder\u00e3o receber a dose de refor\u00e7o, depois de 4 meses de intervalo da segunda dose<\/p>\n<p>J\u00e1 podem receber a dose adicional todos aqueles que tomaram o imunizante da JANSSEN h\u00e1 dois meses ou mais. Os imunizantes a serem aplicados ser\u00e3o Pfizer, Coronavac E Janssen.<\/p>\n<p>Est\u00e1 liberada a quarta dose, para pessoas a partir de 40 anos e profissionais de sa\u00fade que tenham tomado a terceira dose a 4 meses.<\/p>\n<p>N\u00e3o se esque\u00e7a de levar a caderneta de vacina\u00e7\u00e3o e CPF.<\/p>\n<p><a href=\"http:\/\/www.santaritadopassaquatro.sp.gov.br\/portal\/wp-content\/uploads\/2022\/06\/Documento-t\u00e9cnico_Campanha-de-Vacina\u00e7\u00e3o-Contra-a-COVID_20\u00aaatualiza\u00e7\u00e3o_16_08-1-67.pdf\" target=\"_blank\" rel=\"noopener\">Documento t\u00e9cnico_Campanha de Vacina\u00e7\u00e3o Contra a COVID_20\u00aaatualiza\u00e7\u00e3o_16_08-1-67<\/a><\/p>\n<p>Lembrando que, menores desacompanhados, dever\u00e3o levar um termo de assentimento assinado pelos pais ou respons\u00e1vel, autorizando a vacina\u00e7\u00e3o. Voc\u00ea pode baixar o termo clicando no link: <a href=\"https:\/\/drive.google.com\/file\/d\/1f3712KV4Jegxrp-F00SZ3KOJEAXRY-2k\/view?fbclid=IwAR0T1Kf_mfcff4i9vAOzjekSp11R3q_tv_3gvFqs1gibvwBgm97105z0vUQ\" target=\"_blank\" rel=\"noopener\">https:\/\/drive.google.com\/file\/d\/1f3712KV4Jegxrp-F00SZ3KOJEAXRY-2k\/view?fbclid=IwAR0T1Kf_mfcff4i9vAOzjekSp11R3q_tv_3gvFqs1gibvwBgm97105z0vUQ<\/a><\/p>\n<p>Para agilizar o processo, fa\u00e7a o cadastro no site: <a href=\"https:\/\/portal.vacinaja.sp.gov.br\/covid-19%20vaccine\/?fbclid=IwAR16HACWOCkeX1i6p-tPargWBRRR5na0gEUf4vJO9Y0DPOidVRvAAyl9rTM\" target=\"_blank\" rel=\"noopener\">https:\/\/portal.vacinaja.sp.gov.br\/covid-19%20vaccine\/?fbclid=IwAR16HACWOCkeX1i6p-tPargWBRRR5na0gEUf4vJO9Y0DPOidVRvAAyl9rTM<\/a><\/p>\n","protected":false},"excerpt":{"rendered":"<p>A vacina\u00e7\u00e3o da primeira dose est\u00e1 liberada para todos com idade a partir de 05 anos. A segunda dose est\u00e1<\/p>\n","protected":false},"author":1,"featured_media":6575,"comment_status":"closed","ping_status":"open","sticky":false,"template":"","format":"standard","meta":{"footnotes":""},"categories":[40,58],"tags":[],"class_list":["post-6574","post","type-post","status-publish","format-standard","has-post-thumbnail","hentry","category-covid-19","category-health"],"_links":{"self":[{"href":"https:\/\/www.santaritadopassaquatro.sp.gov.br\/portal\/wp-json\/wp\/v2\/posts\/6574","targetHints":{"allow":["GET"]}}],"collection":[{"href":"https:\/\/www.santaritadopassaquatro.sp.gov.br\/portal\/wp-json\/wp\/v2\/posts"}],"about":[{"href":"https:\/\/www.santaritadopassaquatro.sp.gov.br\/portal\/wp-json\/wp\/v2\/types\/post"}],"author":[{"embeddable":true,"href":"https:\/\/www.santaritadopassaquatro.sp.gov.br\/portal\/wp-json\/wp\/v2\/users\/1"}],"replies":[{"embeddable":true,"href":"https:\/\/www.santaritadopassaquatro.sp.gov.br\/portal\/wp-json\/wp\/v2\/comments?post=6574"}],"version-history":[{"count":1,"href":"https:\/\/www.santaritadopassaquatro.sp.gov.br\/portal\/wp-json\/wp\/v2\/posts\/6574\/revisions"}],"predecessor-version":[{"id":6577,"href":"https:\/\/www.santaritadopassaquatro.sp.gov.br\/portal\/wp-json\/wp\/v2\/posts\/6574\/revisions\/6577"}],"wp:featuredmedia":[{"embeddable":true,"href":"https:\/\/www.santaritadopassaquatro.sp.gov.br\/portal\/wp-json\/wp\/v2\/media\/6575"}],"wp:attachment":[{"href":"https:\/\/www.santaritadopassaquatro.sp.gov.br\/portal\/wp-json\/wp\/v2\/media?parent=6574"}],"wp:term":[{"taxonomy":"category","embeddable":true,"href":"https:\/\/www.santaritadopassaquatro.sp.gov.br\/portal\/wp-json\/wp\/v2\/categories?post=6574"},{"taxonomy":"post_tag","embeddable":true,"href":"https:\/\/www.santaritadopassaquatro.sp.gov.br\/portal\/wp-json\/wp\/v2\/tags?post=6574"}],"curies":[{"name":"wp","href":"https:\/\/api.w.org\/{rel}","templated":true}]}}