{"id":6579,"date":"2022-06-23T17:27:07","date_gmt":"2022-06-23T20:27:07","guid":{"rendered":"http:\/\/www.santaritadopassaquatro.sp.gov.br\/portal\/?p=6579"},"modified":"2022-06-23T17:27:07","modified_gmt":"2022-06-23T20:27:07","slug":"conclusao-da-segunda-turma-do-curso-de-costureira-no-fundo-social","status":"publish","type":"post","link":"https:\/\/www.santaritadopassaquatro.sp.gov.br\/portal\/conclusao-da-segunda-turma-do-curso-de-costureira-no-fundo-social\/","title":{"rendered":"CONCLUS\u00c3O DA SEGUNDA TURMA DO CURSO DE COSTUREIRA NO FUNDO SOCIAL"},"content":{"rendered":"<p>O Fundo Social de Solidariedade concluiu mais um curso de costureiro. O curso foi finalizado nesta segunda-feira (20). Ao fim do curso, dez alunas receberam o diploma de conclus\u00e3o do curso.<\/p>\n<p>O Fundo Social vem oferecendo diversos cursos, incluindo os cursos t\u00e9cnicos oferecidos pelo SENAI. Segundo a Presidente do Fundo Social Mislene C\u00e2ndido, capacitar os mun\u00edcipes para poderem buscar melhores remunera\u00e7\u00f5es e empregos \u00e9 o caminho para o desenvolvimento de Santa Rita.<\/p>\n","protected":false},"excerpt":{"rendered":"<p>O Fundo Social de Solidariedade concluiu mais um curso de costureiro. O curso foi finalizado nesta segunda-feira (20). Ao fim<\/p>\n","protected":false},"author":1,"featured_media":6580,"comment_status":"closed","ping_status":"open","sticky":false,"template":"","format":"standard","meta":{"footnotes":""},"categories":[43,52],"tags":[],"class_list":["post-6579","post","type-post","status-publish","format-standard","has-post-thumbnail","hentry","category-assistenciasocial","category-latest"],"_links":{"self":[{"href":"https:\/\/www.santaritadopassaquatro.sp.gov.br\/portal\/wp-json\/wp\/v2\/posts\/6579","targetHints":{"allow":["GET"]}}],"collection":[{"href":"https:\/\/www.santaritadopassaquatro.sp.gov.br\/portal\/wp-json\/wp\/v2\/posts"}],"about":[{"href":"https:\/\/www.santaritadopassaquatro.sp.gov.br\/portal\/wp-json\/wp\/v2\/types\/post"}],"author":[{"embeddable":true,"href":"https:\/\/www.santaritadopassaquatro.sp.gov.br\/portal\/wp-json\/wp\/v2\/users\/1"}],"replies":[{"embeddable":true,"href":"https:\/\/www.santaritadopassaquatro.sp.gov.br\/portal\/wp-json\/wp\/v2\/comments?post=6579"}],"version-history":[{"count":1,"href":"https:\/\/www.santaritadopassaquatro.sp.gov.br\/portal\/wp-json\/wp\/v2\/posts\/6579\/revisions"}],"predecessor-version":[{"id":6581,"href":"https:\/\/www.santaritadopassaquatro.sp.gov.br\/portal\/wp-json\/wp\/v2\/posts\/6579\/revisions\/6581"}],"wp:featuredmedia":[{"embeddable":true,"href":"https:\/\/www.santaritadopassaquatro.sp.gov.br\/portal\/wp-json\/wp\/v2\/media\/6580"}],"wp:attachment":[{"href":"https:\/\/www.santaritadopassaquatro.sp.gov.br\/portal\/wp-json\/wp\/v2\/media?parent=6579"}],"wp:term":[{"taxonomy":"category","embeddable":true,"href":"https:\/\/www.santaritadopassaquatro.sp.gov.br\/portal\/wp-json\/wp\/v2\/categories?post=6579"},{"taxonomy":"post_tag","embeddable":true,"href":"https:\/\/www.santaritadopassaquatro.sp.gov.br\/portal\/wp-json\/wp\/v2\/tags?post=6579"}],"curies":[{"name":"wp","href":"https:\/\/api.w.org\/{rel}","templated":true}]}}