{"id":6582,"date":"2022-06-23T17:28:49","date_gmt":"2022-06-23T20:28:49","guid":{"rendered":"http:\/\/www.santaritadopassaquatro.sp.gov.br\/portal\/?p=6582"},"modified":"2022-06-23T17:28:49","modified_gmt":"2022-06-23T20:28:49","slug":"buzum-apresenta-o-espetaculo-o-grande-perigo-em-santa-rita-do-passa-quatro","status":"publish","type":"post","link":"https:\/\/www.santaritadopassaquatro.sp.gov.br\/portal\/buzum-apresenta-o-espetaculo-o-grande-perigo-em-santa-rita-do-passa-quatro\/","title":{"rendered":"BuZum! apresenta o espet\u00e1culo \u201cO Grande Perigo\u201d em Santa Rita do Passa Quatro"},"content":{"rendered":"<p>A cia. BuZum! apresentar\u00e1 o espet\u00e1culo \u201cO Grande Perigo\u201d em Santa Rita do Passa Quatro no dia 1\u00b0 de julho (sexta-feira), na vers\u00e3o adaptada do \u00f4nibus para o palco.<\/p>\n<p>O BuZum! far\u00e1 aproximadamente cerca de 56 apresenta\u00e7\u00f5es em um total de 8 dias. Os espet\u00e1culos ser\u00e3o apresentados em pra\u00e7as e escolas p\u00fablicas por meio da Secretaria Especial da Cultura \u2013 Minist\u00e9rio do Turismo, com incentivo da Lei Rouanet e pela Inima.<\/p>\n<p>Reinven\u00e7\u00e3o<br \/>\nO palco \u00e9 fora do \u00f4nibus, em uma estrutura ampla. A plateia assiste a cada sess\u00e3o do espet\u00e1culo ou em escolas ou em pra\u00e7as p\u00fablicas, com distanciamento seguro, de forma protegida. Divers\u00e3o garantida para p\u00fablico com a vivacidade do tradicional teatro de bonecos. O que antes acontecia originalmente no BuZum!, dentro do \u00f4nibus, hoje \u00e9 no palco.<br \/>\nEspet\u00e1culo \u201cO Grande Perigo\u201d<br \/>\nO Grande Perigo narra a hist\u00f3ria de Tata, uma pequena tartaruga que logo ao nascer volta para o mar em busca de sua m\u00e3e. Tata enfrenta v\u00e1rios perigos, t\u00e3o comuns \u00e0 vida das tartarugas marinhas, como uma andorinha que tenta com\u00ea-la, um caranguejo que a persegue, peixes el\u00e9tricos, um polvo, um perigoso tubar\u00e3o e uma enorme baleia. Tata foge de todos os perigos e ao final encontra sua m\u00e3e, mas percebe que ela est\u00e1 presa em um mar de lixos e pl\u00e1sticos. Com muita coragem, Tata consegue salvar sua m\u00e3e e as duas nadam para longe daquele grande perigo.<\/p>\n<p>A cia. \u00e9 dirigida por Beto Andreetta, Jackson \u00cdris e Mari Gutierrez, junto \u00e0 equipe de produtores, montadores, motoristas, secret\u00e1rias e atores. Todos levam \u00e0 plateia itinerante novas possibilidades nas quais a imagina\u00e7\u00e3o e a fantasia se expandem nos contos com seus bonecos teatrais inovadores.<\/p>\n<p>Espet\u00e1culo \u201cO Grande Perigo\u201d em Santa Rita do Passa Quatro<br \/>\nData: 1 de julho (sexta-feira)<br \/>\nLocal: Escola Nelson Fernandes<br \/>\nEndere\u00e7o: Av. Severino Meireles, 798 &#8211; Centro, Santa Rita do Passa Quatro \u2013 SP.<br \/>\nHor\u00e1rios das apresenta\u00e7\u00f5es:<br \/>\nMANH\u00c3: 9h 9h40 10h20 &#8211; 3 sess\u00f5es<br \/>\nTARDE: 13h30 14h10 14h50 15h30 &#8211; 4 sess\u00f5es<br \/>\nClassifica\u00e7\u00e3o do espet\u00e1culo: 4 a 12 anos<br \/>\nCapacidade: 50 pessoas por sess\u00e3o<br \/>\nDura\u00e7\u00e3o: 20 minutos<\/p>\n","protected":false},"excerpt":{"rendered":"<p>A cia. BuZum! apresentar\u00e1 o espet\u00e1culo \u201cO Grande Perigo\u201d em Santa Rita do Passa Quatro no dia 1\u00b0 de julho<\/p>\n","protected":false},"author":1,"featured_media":6583,"comment_status":"closed","ping_status":"open","sticky":false,"template":"","format":"standard","meta":{"footnotes":""},"categories":[46,48],"tags":[],"class_list":["post-6582","post","type-post","status-publish","format-standard","has-post-thumbnail","hentry","category-cultura","category-featured"],"_links":{"self":[{"href":"https:\/\/www.santaritadopassaquatro.sp.gov.br\/portal\/wp-json\/wp\/v2\/posts\/6582","targetHints":{"allow":["GET"]}}],"collection":[{"href":"https:\/\/www.santaritadopassaquatro.sp.gov.br\/portal\/wp-json\/wp\/v2\/posts"}],"about":[{"href":"https:\/\/www.santaritadopassaquatro.sp.gov.br\/portal\/wp-json\/wp\/v2\/types\/post"}],"author":[{"embeddable":true,"href":"https:\/\/www.santaritadopassaquatro.sp.gov.br\/portal\/wp-json\/wp\/v2\/users\/1"}],"replies":[{"embeddable":true,"href":"https:\/\/www.santaritadopassaquatro.sp.gov.br\/portal\/wp-json\/wp\/v2\/comments?post=6582"}],"version-history":[{"count":1,"href":"https:\/\/www.santaritadopassaquatro.sp.gov.br\/portal\/wp-json\/wp\/v2\/posts\/6582\/revisions"}],"predecessor-version":[{"id":6584,"href":"https:\/\/www.santaritadopassaquatro.sp.gov.br\/portal\/wp-json\/wp\/v2\/posts\/6582\/revisions\/6584"}],"wp:featuredmedia":[{"embeddable":true,"href":"https:\/\/www.santaritadopassaquatro.sp.gov.br\/portal\/wp-json\/wp\/v2\/media\/6583"}],"wp:attachment":[{"href":"https:\/\/www.santaritadopassaquatro.sp.gov.br\/portal\/wp-json\/wp\/v2\/media?parent=6582"}],"wp:term":[{"taxonomy":"category","embeddable":true,"href":"https:\/\/www.santaritadopassaquatro.sp.gov.br\/portal\/wp-json\/wp\/v2\/categories?post=6582"},{"taxonomy":"post_tag","embeddable":true,"href":"https:\/\/www.santaritadopassaquatro.sp.gov.br\/portal\/wp-json\/wp\/v2\/tags?post=6582"}],"curies":[{"name":"wp","href":"https:\/\/api.w.org\/{rel}","templated":true}]}}