{"id":6588,"date":"2022-06-28T16:58:12","date_gmt":"2022-06-28T19:58:12","guid":{"rendered":"http:\/\/www.santaritadopassaquatro.sp.gov.br\/portal\/?p=6588"},"modified":"2022-06-29T16:58:58","modified_gmt":"2022-06-29T19:58:58","slug":"projeto-viola-caipira-instrumental-com-caio-de-souza","status":"publish","type":"post","link":"https:\/\/www.santaritadopassaquatro.sp.gov.br\/portal\/projeto-viola-caipira-instrumental-com-caio-de-souza\/","title":{"rendered":"PROJETO \u201cVIOLA CAIPIRA INSTRUMENTAL\u201d COM CAIO DE SOUZA"},"content":{"rendered":"<p>Nesta pr\u00f3xima quinta-feira 30\/06, \u00e0s 19h30, no Centro Cultural e Museu Jos\u00e9 Spadon (Antiga Delegacia) o m\u00fasico Caio de Souza @nopinicadodaviola realizar\u00e1 uma bel\u00edssima apresenta\u00e7\u00e3o de viola caipira instrumental com composi\u00e7\u00f5es de sua autoria e arranjos do cancioneiro brasileiro.<\/p>\n<p>Projeto contemplado pela Lei Federal &#8221; Aldir Blanc&#8221; de emerg\u00eancia cultural, viabilizado Prefeitura Municipal de Santa Rita do Passa Quatro atrav\u00e9s do Departamento de Turismo, Cultura, Esporte e Lazer<\/p>\n","protected":false},"excerpt":{"rendered":"<p>Nesta pr\u00f3xima quinta-feira 30\/06, \u00e0s 19h30, no Centro Cultural e Museu Jos\u00e9 Spadon (Antiga Delegacia) o m\u00fasico Caio de Souza<\/p>\n","protected":false},"author":1,"featured_media":6589,"comment_status":"closed","ping_status":"open","sticky":false,"template":"","format":"standard","meta":{"footnotes":""},"categories":[46,48],"tags":[],"class_list":["post-6588","post","type-post","status-publish","format-standard","has-post-thumbnail","hentry","category-cultura","category-featured"],"_links":{"self":[{"href":"https:\/\/www.santaritadopassaquatro.sp.gov.br\/portal\/wp-json\/wp\/v2\/posts\/6588","targetHints":{"allow":["GET"]}}],"collection":[{"href":"https:\/\/www.santaritadopassaquatro.sp.gov.br\/portal\/wp-json\/wp\/v2\/posts"}],"about":[{"href":"https:\/\/www.santaritadopassaquatro.sp.gov.br\/portal\/wp-json\/wp\/v2\/types\/post"}],"author":[{"embeddable":true,"href":"https:\/\/www.santaritadopassaquatro.sp.gov.br\/portal\/wp-json\/wp\/v2\/users\/1"}],"replies":[{"embeddable":true,"href":"https:\/\/www.santaritadopassaquatro.sp.gov.br\/portal\/wp-json\/wp\/v2\/comments?post=6588"}],"version-history":[{"count":1,"href":"https:\/\/www.santaritadopassaquatro.sp.gov.br\/portal\/wp-json\/wp\/v2\/posts\/6588\/revisions"}],"predecessor-version":[{"id":6590,"href":"https:\/\/www.santaritadopassaquatro.sp.gov.br\/portal\/wp-json\/wp\/v2\/posts\/6588\/revisions\/6590"}],"wp:featuredmedia":[{"embeddable":true,"href":"https:\/\/www.santaritadopassaquatro.sp.gov.br\/portal\/wp-json\/wp\/v2\/media\/6589"}],"wp:attachment":[{"href":"https:\/\/www.santaritadopassaquatro.sp.gov.br\/portal\/wp-json\/wp\/v2\/media?parent=6588"}],"wp:term":[{"taxonomy":"category","embeddable":true,"href":"https:\/\/www.santaritadopassaquatro.sp.gov.br\/portal\/wp-json\/wp\/v2\/categories?post=6588"},{"taxonomy":"post_tag","embeddable":true,"href":"https:\/\/www.santaritadopassaquatro.sp.gov.br\/portal\/wp-json\/wp\/v2\/tags?post=6588"}],"curies":[{"name":"wp","href":"https:\/\/api.w.org\/{rel}","templated":true}]}}