{"id":6591,"date":"2022-06-28T16:59:13","date_gmt":"2022-06-28T19:59:13","guid":{"rendered":"http:\/\/www.santaritadopassaquatro.sp.gov.br\/portal\/?p=6591"},"modified":"2022-06-29T17:01:07","modified_gmt":"2022-06-29T20:01:07","slug":"conselho-municipal-de-politica-cultural-2","status":"publish","type":"post","link":"https:\/\/www.santaritadopassaquatro.sp.gov.br\/portal\/conselho-municipal-de-politica-cultural-2\/","title":{"rendered":"CONSELHO MUNICIPAL DE POL\u00cdTICA CULTURAL&#8221;"},"content":{"rendered":"<p>Nesta noite do dia 27 de junho de 2022 aconteceu a 1 \u00aa reuni\u00e3o do Conselho Municipal de Pol\u00edtica Cultural (CMPC), que constitui o principal espa\u00e7o de participa\u00e7\u00e3o social institucionalizada, de car\u00e1ter permanente da estrutura do Sistema Municipal de Cultura ( SMC) conforme lei municipal n\u00ba 3.366 de 9 de dezembro de 2021.<\/p>\n<p>Uni\u00e3o entre Poder P\u00fablico e Sociedade civil para o avan\u00e7o das Pol\u00edticas P\u00fablicas Culturais do munic\u00edpio de Santa Rita do Passa Quatro.<\/p>\n<p>O departamento de Cultura agradece o apoio do Prefeito Marcelo Sim\u00e3o e seu vice M\u00e1rcio Reis, \u00e0 C\u00e2mara Municipal, aos membros eleitos e toda popula\u00e7\u00e3o e parceiros que se envolveram para que este momento pudesse se concretizar.<\/p>\n<p>Na imagem vemos parte dos membros representantes do CMPC e do convidado Synesio Mar\u00e7al J\u00fanior.<\/p>\n<p>Cultura em A\u00e7\u00e3o!!!!<\/p>\n<p><img decoding=\"async\" class=\"aligncenter size-full wp-image-6592\" src=\"http:\/\/www.santaritadopassaquatro.sp.gov.br\/portal\/wp-content\/uploads\/2022\/06\/2b6ef92f-1bba-4293-b5c9-d532c9a55376.jpg\" alt=\"\" width=\"960\" height=\"960\" \/><\/p>\n","protected":false},"excerpt":{"rendered":"<p>Nesta noite do dia 27 de junho de 2022 aconteceu a 1 \u00aa reuni\u00e3o do Conselho Municipal de Pol\u00edtica Cultural<\/p>\n","protected":false},"author":1,"featured_media":6593,"comment_status":"closed","ping_status":"open","sticky":false,"template":"","format":"standard","meta":{"footnotes":""},"categories":[46],"tags":[],"class_list":["post-6591","post","type-post","status-publish","format-standard","has-post-thumbnail","hentry","category-cultura"],"_links":{"self":[{"href":"https:\/\/www.santaritadopassaquatro.sp.gov.br\/portal\/wp-json\/wp\/v2\/posts\/6591","targetHints":{"allow":["GET"]}}],"collection":[{"href":"https:\/\/www.santaritadopassaquatro.sp.gov.br\/portal\/wp-json\/wp\/v2\/posts"}],"about":[{"href":"https:\/\/www.santaritadopassaquatro.sp.gov.br\/portal\/wp-json\/wp\/v2\/types\/post"}],"author":[{"embeddable":true,"href":"https:\/\/www.santaritadopassaquatro.sp.gov.br\/portal\/wp-json\/wp\/v2\/users\/1"}],"replies":[{"embeddable":true,"href":"https:\/\/www.santaritadopassaquatro.sp.gov.br\/portal\/wp-json\/wp\/v2\/comments?post=6591"}],"version-history":[{"count":2,"href":"https:\/\/www.santaritadopassaquatro.sp.gov.br\/portal\/wp-json\/wp\/v2\/posts\/6591\/revisions"}],"predecessor-version":[{"id":6595,"href":"https:\/\/www.santaritadopassaquatro.sp.gov.br\/portal\/wp-json\/wp\/v2\/posts\/6591\/revisions\/6595"}],"wp:featuredmedia":[{"embeddable":true,"href":"https:\/\/www.santaritadopassaquatro.sp.gov.br\/portal\/wp-json\/wp\/v2\/media\/6593"}],"wp:attachment":[{"href":"https:\/\/www.santaritadopassaquatro.sp.gov.br\/portal\/wp-json\/wp\/v2\/media?parent=6591"}],"wp:term":[{"taxonomy":"category","embeddable":true,"href":"https:\/\/www.santaritadopassaquatro.sp.gov.br\/portal\/wp-json\/wp\/v2\/categories?post=6591"},{"taxonomy":"post_tag","embeddable":true,"href":"https:\/\/www.santaritadopassaquatro.sp.gov.br\/portal\/wp-json\/wp\/v2\/tags?post=6591"}],"curies":[{"name":"wp","href":"https:\/\/api.w.org\/{rel}","templated":true}]}}