{"id":6596,"date":"2022-06-29T17:03:14","date_gmt":"2022-06-29T20:03:14","guid":{"rendered":"http:\/\/www.santaritadopassaquatro.sp.gov.br\/portal\/?p=6596"},"modified":"2022-06-29T17:03:14","modified_gmt":"2022-06-29T20:03:14","slug":"operacao-corta-fogo-fara-palestra-de-conscientizacao-neste-sabado","status":"publish","type":"post","link":"https:\/\/www.santaritadopassaquatro.sp.gov.br\/portal\/operacao-corta-fogo-fara-palestra-de-conscientizacao-neste-sabado\/","title":{"rendered":"OPERA\u00c7\u00c3O CORTA-FOGO FAR\u00c1 PALESTRA DE CONSCIENTIZA\u00c7\u00c3O NESTE S\u00c1BADO"},"content":{"rendered":"<p>No pr\u00f3ximo s\u00e1bado (02), \u00e0s 10h00, na Feira do Produtor Rural, haver\u00e1 uma palestra de conscientiza\u00e7\u00e3o da popula\u00e7\u00e3o sobre a import\u00e2ncia do meio ambiente, em especial, na preven\u00e7\u00e3o de inc\u00eandios com cobertura vegetal e todas suas implica\u00e7\u00f5es.<\/p>\n<p>A palestra \u00e9 uma parceria do 2\u00b0 Pelot\u00e3o do Corpo de Bombeiros de Porto Ferreira e Departamento de Agricultura e Meio Ambiente da Prefeitura Municipal de Santa Rita do Passa Quatro, e com o apoio Parque Estadual Vassununga.<\/p>\n","protected":false},"excerpt":{"rendered":"<p>No pr\u00f3ximo s\u00e1bado (02), \u00e0s 10h00, na Feira do Produtor Rural, haver\u00e1 uma palestra de conscientiza\u00e7\u00e3o da popula\u00e7\u00e3o sobre a<\/p>\n","protected":false},"author":1,"featured_media":6597,"comment_status":"closed","ping_status":"open","sticky":false,"template":"","format":"standard","meta":{"footnotes":""},"categories":[53],"tags":[],"class_list":["post-6596","post","type-post","status-publish","format-standard","has-post-thumbnail","hentry","category-meio-ambiente"],"_links":{"self":[{"href":"https:\/\/www.santaritadopassaquatro.sp.gov.br\/portal\/wp-json\/wp\/v2\/posts\/6596","targetHints":{"allow":["GET"]}}],"collection":[{"href":"https:\/\/www.santaritadopassaquatro.sp.gov.br\/portal\/wp-json\/wp\/v2\/posts"}],"about":[{"href":"https:\/\/www.santaritadopassaquatro.sp.gov.br\/portal\/wp-json\/wp\/v2\/types\/post"}],"author":[{"embeddable":true,"href":"https:\/\/www.santaritadopassaquatro.sp.gov.br\/portal\/wp-json\/wp\/v2\/users\/1"}],"replies":[{"embeddable":true,"href":"https:\/\/www.santaritadopassaquatro.sp.gov.br\/portal\/wp-json\/wp\/v2\/comments?post=6596"}],"version-history":[{"count":1,"href":"https:\/\/www.santaritadopassaquatro.sp.gov.br\/portal\/wp-json\/wp\/v2\/posts\/6596\/revisions"}],"predecessor-version":[{"id":6598,"href":"https:\/\/www.santaritadopassaquatro.sp.gov.br\/portal\/wp-json\/wp\/v2\/posts\/6596\/revisions\/6598"}],"wp:featuredmedia":[{"embeddable":true,"href":"https:\/\/www.santaritadopassaquatro.sp.gov.br\/portal\/wp-json\/wp\/v2\/media\/6597"}],"wp:attachment":[{"href":"https:\/\/www.santaritadopassaquatro.sp.gov.br\/portal\/wp-json\/wp\/v2\/media?parent=6596"}],"wp:term":[{"taxonomy":"category","embeddable":true,"href":"https:\/\/www.santaritadopassaquatro.sp.gov.br\/portal\/wp-json\/wp\/v2\/categories?post=6596"},{"taxonomy":"post_tag","embeddable":true,"href":"https:\/\/www.santaritadopassaquatro.sp.gov.br\/portal\/wp-json\/wp\/v2\/tags?post=6596"}],"curies":[{"name":"wp","href":"https:\/\/api.w.org\/{rel}","templated":true}]}}