{"id":6599,"date":"2022-06-29T17:05:49","date_gmt":"2022-06-29T20:05:49","guid":{"rendered":"http:\/\/www.santaritadopassaquatro.sp.gov.br\/portal\/?p=6599"},"modified":"2022-06-29T17:05:49","modified_gmt":"2022-06-29T20:05:49","slug":"projeto-ligados-pela-historia","status":"publish","type":"post","link":"https:\/\/www.santaritadopassaquatro.sp.gov.br\/portal\/projeto-ligados-pela-historia\/","title":{"rendered":"Projeto \u201cLigados pela Hist\u00f3ria\u201d"},"content":{"rendered":"<p>Neste \u00faltimo s\u00e1bado (25\/06), o Instituto Paulista de Cidades Criativas e Identidades Culturais &#8211; IPCCIC, inaugurou com sucesso, no Ribeir\u00e3o Shopping, a Exposi\u00e7\u00e3o \u201cLigados pela Hist\u00f3ria\u201d, com curiosidades e informa\u00e7\u00f5es dos 34 Munic\u00edpios que comp\u00f5em a Regi\u00e3o Metropolitana de Ribeir\u00e3o Preto \u2013 Santa Rita do Passa Quatro \u00e9 uma das cidades contemplada nesta bel\u00edssima exposi\u00e7\u00e3o.<\/p>\n<p>A EXPOSI\u00c7\u00c3O ESTAR\u00c1 ABERTA AO P\u00daBLICO NA PRA\u00c7A DE EVENTOS \u201cA\u201d, AT\u00c9 24 DE JULHO.<\/p>\n<p>A m\u00fasica de abertura da exposi\u00e7\u00e3o, ficou por conta da m\u00fasica \u201cTico Tico no Fub\u00e1\u201d do nosso genial compositor Zequinha de Abreu ao som do saxofone interpretado pelo m\u00fasico Marcio B\u00e1. Logo ap\u00f3s, o prefeito Marcelo Sim\u00e3o, o vice M\u00e1rcio Reis juntamente com Graziela Villela e Tarc\u00edzio Gon\u00e7alves Neto representando o Departamento de Cultura e Turismo, participaram do 3\u00ba \u201cSemin\u00e1rio de Identidades Culturais\u201d, onde foram debatidas as potencialidades de Economia Criativa com os Prefeitos e representantes das \u00e1reas de Educa\u00e7\u00e3o, Cultura, e Turismo dos Munic\u00edpios da Regi\u00e3o Metropolitana.<br \/>\nNo final da tarde, na Livraria \u201cTravessa\u201d, foi lan\u00e7ado o livro LIGADOS PELA HIST\u00d3RIA organizado por Adriana Silva, que continua a venda nesta livraria para interessados. Santa Rita do Passa Quatro comp\u00f5em algumas p\u00e1ginas deste livro com um pouco de sua hist\u00f3ria e belezas naturais e culturais.<\/p>\n<p><img decoding=\"async\" class=\"aligncenter size-full wp-image-6604\" src=\"http:\/\/www.santaritadopassaquatro.sp.gov.br\/portal\/wp-content\/uploads\/2022\/06\/WhatsApp-Image-2022-06-29-at-16.07.22-5.jpeg\" alt=\"\" width=\"1024\" height=\"1280\" \/> <img decoding=\"async\" class=\"aligncenter size-full wp-image-6603\" src=\"http:\/\/www.santaritadopassaquatro.sp.gov.br\/portal\/wp-content\/uploads\/2022\/06\/WhatsApp-Image-2022-06-29-at-16.07.22-4.jpeg\" alt=\"\" width=\"1024\" height=\"1280\" \/> <img decoding=\"async\" class=\"aligncenter size-full wp-image-6602\" src=\"http:\/\/www.santaritadopassaquatro.sp.gov.br\/portal\/wp-content\/uploads\/2022\/06\/WhatsApp-Image-2022-06-29-at-16.07.22-3.jpeg\" alt=\"\" width=\"1024\" height=\"1280\" \/> <img decoding=\"async\" class=\"aligncenter size-full wp-image-6601\" src=\"http:\/\/www.santaritadopassaquatro.sp.gov.br\/portal\/wp-content\/uploads\/2022\/06\/WhatsApp-Image-2022-06-29-at-16.07.22-2.jpeg\" alt=\"\" width=\"1024\" height=\"1280\" \/> <img decoding=\"async\" class=\"aligncenter size-full wp-image-6600\" src=\"http:\/\/www.santaritadopassaquatro.sp.gov.br\/portal\/wp-content\/uploads\/2022\/06\/WhatsApp-Image-2022-06-29-at-16.07.22-1.jpeg\" alt=\"\" width=\"1200\" height=\"630\" \/><\/p>\n","protected":false},"excerpt":{"rendered":"<p>Neste \u00faltimo s\u00e1bado (25\/06), o Instituto Paulista de Cidades Criativas e Identidades Culturais &#8211; IPCCIC, inaugurou com sucesso, no Ribeir\u00e3o<\/p>\n","protected":false},"author":1,"featured_media":6605,"comment_status":"closed","ping_status":"open","sticky":false,"template":"","format":"standard","meta":{"footnotes":""},"categories":[46,52],"tags":[],"class_list":["post-6599","post","type-post","status-publish","format-standard","has-post-thumbnail","hentry","category-cultura","category-latest"],"_links":{"self":[{"href":"https:\/\/www.santaritadopassaquatro.sp.gov.br\/portal\/wp-json\/wp\/v2\/posts\/6599","targetHints":{"allow":["GET"]}}],"collection":[{"href":"https:\/\/www.santaritadopassaquatro.sp.gov.br\/portal\/wp-json\/wp\/v2\/posts"}],"about":[{"href":"https:\/\/www.santaritadopassaquatro.sp.gov.br\/portal\/wp-json\/wp\/v2\/types\/post"}],"author":[{"embeddable":true,"href":"https:\/\/www.santaritadopassaquatro.sp.gov.br\/portal\/wp-json\/wp\/v2\/users\/1"}],"replies":[{"embeddable":true,"href":"https:\/\/www.santaritadopassaquatro.sp.gov.br\/portal\/wp-json\/wp\/v2\/comments?post=6599"}],"version-history":[{"count":1,"href":"https:\/\/www.santaritadopassaquatro.sp.gov.br\/portal\/wp-json\/wp\/v2\/posts\/6599\/revisions"}],"predecessor-version":[{"id":6606,"href":"https:\/\/www.santaritadopassaquatro.sp.gov.br\/portal\/wp-json\/wp\/v2\/posts\/6599\/revisions\/6606"}],"wp:featuredmedia":[{"embeddable":true,"href":"https:\/\/www.santaritadopassaquatro.sp.gov.br\/portal\/wp-json\/wp\/v2\/media\/6605"}],"wp:attachment":[{"href":"https:\/\/www.santaritadopassaquatro.sp.gov.br\/portal\/wp-json\/wp\/v2\/media?parent=6599"}],"wp:term":[{"taxonomy":"category","embeddable":true,"href":"https:\/\/www.santaritadopassaquatro.sp.gov.br\/portal\/wp-json\/wp\/v2\/categories?post=6599"},{"taxonomy":"post_tag","embeddable":true,"href":"https:\/\/www.santaritadopassaquatro.sp.gov.br\/portal\/wp-json\/wp\/v2\/tags?post=6599"}],"curies":[{"name":"wp","href":"https:\/\/api.w.org\/{rel}","templated":true}]}}