{"id":6611,"date":"2022-07-02T10:11:40","date_gmt":"2022-07-02T13:11:40","guid":{"rendered":"http:\/\/www.santaritadopassaquatro.sp.gov.br\/portal\/?p=6611"},"modified":"2022-07-02T10:11:40","modified_gmt":"2022-07-02T13:11:40","slug":"intervencao-operacao-corta-fogo","status":"publish","type":"post","link":"https:\/\/www.santaritadopassaquatro.sp.gov.br\/portal\/intervencao-operacao-corta-fogo\/","title":{"rendered":"Interven\u00e7\u00e3o Opera\u00e7\u00e3o Corta-Fogo"},"content":{"rendered":"<p>Nessa sexta-feira, 01 de julho de 2022, o 2\u00b0 Pelot\u00e3o de Bombeiros de Porto Ferreira &#8211; 4\u00b0 SGB\/9\u00b0 GB em parceria com o Departamento de Agricultura e Meio Ambiente, Defesa Civil e Parque Estadual Vassununga de Santa Rita do Passa Quatro, esteve presente na Avenida Severino Meirelles na altura da Pra\u00e7a Volunt\u00e1rio Silvano desenvolvendo a conscientiza\u00e7\u00e3o da popula\u00e7\u00e3o sobre a import\u00e2ncia do meio ambiente, em especial na preven\u00e7\u00e3o aos inc\u00eandios em cobertura vegetal e todas as suas implica\u00e7\u00f5es. A a\u00e7\u00e3o foi realizada atrav\u00e9s de panfletagem, exposi\u00e7\u00e3o de equipamentos de seguran\u00e7a e ve\u00edculos utilizados no combate a inc\u00eandios.<br \/>\nSalientamos que estamos atualmente no per\u00edodo de estiagem, que \u00e9 marcado pela falta de chuva e tamb\u00e9m baixa umidade relativa do ar, o que contribui para surgimento dos focos de inc\u00eandio. \u00c9 importante que a popula\u00e7\u00e3o seja conscientizada e n\u00e3o realize queimadas urbanas que comprometem o meio ambiente e a nossa sa\u00fade.<br \/>\nQueimada urbana \u00e9 crime, denuncie!<\/p>\n<p><img decoding=\"async\" class=\"aligncenter size-full wp-image-6612\" src=\"http:\/\/www.santaritadopassaquatro.sp.gov.br\/portal\/wp-content\/uploads\/2022\/07\/WhatsApp-Image-2022-07-01-at-16.02.11.jpeg\" alt=\"\" width=\"1024\" height=\"1280\" \/> <img decoding=\"async\" class=\"aligncenter size-large wp-image-6613\" src=\"http:\/\/www.santaritadopassaquatro.sp.gov.br\/portal\/wp-content\/uploads\/2022\/07\/WhatsApp-Image-2022-07-01-at-16.02.12-1.jpeg\" alt=\"\" width=\"800\" height=\"1000\" \/> <img decoding=\"async\" class=\"aligncenter size-large wp-image-6614\" src=\"http:\/\/www.santaritadopassaquatro.sp.gov.br\/portal\/wp-content\/uploads\/2022\/07\/WhatsApp-Image-2022-07-01-at-16.02.12-2.jpeg\" alt=\"\" width=\"800\" height=\"1000\" \/> <img decoding=\"async\" class=\"aligncenter size-large wp-image-6615\" src=\"http:\/\/www.santaritadopassaquatro.sp.gov.br\/portal\/wp-content\/uploads\/2022\/07\/WhatsApp-Image-2022-07-01-at-16.02.12.jpeg\" alt=\"\" width=\"800\" height=\"1000\" \/> <img decoding=\"async\" class=\"aligncenter size-large wp-image-6617\" src=\"http:\/\/www.santaritadopassaquatro.sp.gov.br\/portal\/wp-content\/uploads\/2022\/07\/WhatsApp-Image-2022-07-01-at-16.02.13-2.jpeg\" alt=\"\" width=\"800\" height=\"420\" \/> <img decoding=\"async\" class=\"aligncenter size-large wp-image-6618\" src=\"http:\/\/www.santaritadopassaquatro.sp.gov.br\/portal\/wp-content\/uploads\/2022\/07\/WhatsApp-Image-2022-07-01-at-16.02.13.jpeg\" alt=\"\" width=\"800\" height=\"420\" \/><\/p>\n","protected":false},"excerpt":{"rendered":"<p>Nessa sexta-feira, 01 de julho de 2022, o 2\u00b0 Pelot\u00e3o de Bombeiros de Porto Ferreira &#8211; 4\u00b0 SGB\/9\u00b0 GB em<\/p>\n","protected":false},"author":1,"featured_media":6616,"comment_status":"closed","ping_status":"open","sticky":false,"template":"","format":"standard","meta":{"footnotes":""},"categories":[53],"tags":[],"class_list":["post-6611","post","type-post","status-publish","format-standard","has-post-thumbnail","hentry","category-meio-ambiente"],"_links":{"self":[{"href":"https:\/\/www.santaritadopassaquatro.sp.gov.br\/portal\/wp-json\/wp\/v2\/posts\/6611","targetHints":{"allow":["GET"]}}],"collection":[{"href":"https:\/\/www.santaritadopassaquatro.sp.gov.br\/portal\/wp-json\/wp\/v2\/posts"}],"about":[{"href":"https:\/\/www.santaritadopassaquatro.sp.gov.br\/portal\/wp-json\/wp\/v2\/types\/post"}],"author":[{"embeddable":true,"href":"https:\/\/www.santaritadopassaquatro.sp.gov.br\/portal\/wp-json\/wp\/v2\/users\/1"}],"replies":[{"embeddable":true,"href":"https:\/\/www.santaritadopassaquatro.sp.gov.br\/portal\/wp-json\/wp\/v2\/comments?post=6611"}],"version-history":[{"count":1,"href":"https:\/\/www.santaritadopassaquatro.sp.gov.br\/portal\/wp-json\/wp\/v2\/posts\/6611\/revisions"}],"predecessor-version":[{"id":6619,"href":"https:\/\/www.santaritadopassaquatro.sp.gov.br\/portal\/wp-json\/wp\/v2\/posts\/6611\/revisions\/6619"}],"wp:featuredmedia":[{"embeddable":true,"href":"https:\/\/www.santaritadopassaquatro.sp.gov.br\/portal\/wp-json\/wp\/v2\/media\/6616"}],"wp:attachment":[{"href":"https:\/\/www.santaritadopassaquatro.sp.gov.br\/portal\/wp-json\/wp\/v2\/media?parent=6611"}],"wp:term":[{"taxonomy":"category","embeddable":true,"href":"https:\/\/www.santaritadopassaquatro.sp.gov.br\/portal\/wp-json\/wp\/v2\/categories?post=6611"},{"taxonomy":"post_tag","embeddable":true,"href":"https:\/\/www.santaritadopassaquatro.sp.gov.br\/portal\/wp-json\/wp\/v2\/tags?post=6611"}],"curies":[{"name":"wp","href":"https:\/\/api.w.org\/{rel}","templated":true}]}}