{"id":6626,"date":"2022-07-06T16:50:31","date_gmt":"2022-07-06T19:50:31","guid":{"rendered":"http:\/\/www.santaritadopassaquatro.sp.gov.br\/portal\/?p=6626"},"modified":"2022-07-06T16:50:31","modified_gmt":"2022-07-06T19:50:31","slug":"pesquisa-do-censo-em-santa-rita-do-passa-quatro","status":"publish","type":"post","link":"https:\/\/www.santaritadopassaquatro.sp.gov.br\/portal\/pesquisa-do-censo-em-santa-rita-do-passa-quatro\/","title":{"rendered":"PESQUISA DO CENSO EM SANTA RITA DO PASSA QUATRO"},"content":{"rendered":"<p>Os agentes censit\u00e1rios supervisores estar\u00e3o fazendo a pesquisa urban\u00edstica do entorno at\u00e9 12 de julho. E os recenseadores far\u00e3o a pesquisa do Censo Demogr\u00e1fico de 1 de agosto de 2022 at\u00e9 31 de outubro de 2022.<\/p>\n<p>A import\u00e2ncia do CENSO Demogr\u00e1fico \u00e9 para sabermos o n\u00famero de mun\u00edcipes em cada cidade. O Censo \u00e9 realizado a cada dez anos para contar a popula\u00e7\u00e3o, saber a distribui\u00e7\u00e3o territorial no pa\u00eds, as principais caracter\u00edsticas dos brasileiros e de seus domic\u00edlios, como, por exemplo, se sabemos ler e escrever e se o domic\u00edlio tem acesso \u00e0 \u00e1gua encanada e rede de esgoto. Devido \u00e0 pandemia da Covid-19, o Censo foi adiado duas vezes em 2020 e em 2021.<\/p>\n<p>A aceita\u00e7\u00e3o da popula\u00e7\u00e3o em atender aos recenseadores \u00e9 de suma import\u00e2ncia, pois atrav\u00e9s das respostas dos moradores \u00e9 que saberemos como estamos vivendo. E assim retratar o Brasil de forma fidedigna ao que o brasileiro informar no Censo 2022.<br \/>\nO Censo ser\u00e1 feito a partir do question\u00e1rio com perguntas de f\u00e1cil compreens\u00e3o no dispositivo m\u00f3vel de coleta, que retratar\u00e3o as principais caracter\u00edsticas dos domic\u00edlios brasileiros e de seus moradores. Os recenseadores bater\u00e3o em todas as portas dos domic\u00edlios de Santa Rita do Passa Quatro. Ser\u00e3o 26 recenseadores devidamente identificados com colete do IBGE, bon\u00e9, crach\u00e1 e o dispositivo m\u00f3vel de coleta.<\/p>\n","protected":false},"excerpt":{"rendered":"<p>Os agentes censit\u00e1rios supervisores estar\u00e3o fazendo a pesquisa urban\u00edstica do entorno at\u00e9 12 de julho. E os recenseadores far\u00e3o a<\/p>\n","protected":false},"author":1,"featured_media":6627,"comment_status":"closed","ping_status":"open","sticky":false,"template":"","format":"standard","meta":{"footnotes":""},"categories":[48],"tags":[],"class_list":["post-6626","post","type-post","status-publish","format-standard","has-post-thumbnail","hentry","category-featured"],"_links":{"self":[{"href":"https:\/\/www.santaritadopassaquatro.sp.gov.br\/portal\/wp-json\/wp\/v2\/posts\/6626","targetHints":{"allow":["GET"]}}],"collection":[{"href":"https:\/\/www.santaritadopassaquatro.sp.gov.br\/portal\/wp-json\/wp\/v2\/posts"}],"about":[{"href":"https:\/\/www.santaritadopassaquatro.sp.gov.br\/portal\/wp-json\/wp\/v2\/types\/post"}],"author":[{"embeddable":true,"href":"https:\/\/www.santaritadopassaquatro.sp.gov.br\/portal\/wp-json\/wp\/v2\/users\/1"}],"replies":[{"embeddable":true,"href":"https:\/\/www.santaritadopassaquatro.sp.gov.br\/portal\/wp-json\/wp\/v2\/comments?post=6626"}],"version-history":[{"count":1,"href":"https:\/\/www.santaritadopassaquatro.sp.gov.br\/portal\/wp-json\/wp\/v2\/posts\/6626\/revisions"}],"predecessor-version":[{"id":6628,"href":"https:\/\/www.santaritadopassaquatro.sp.gov.br\/portal\/wp-json\/wp\/v2\/posts\/6626\/revisions\/6628"}],"wp:featuredmedia":[{"embeddable":true,"href":"https:\/\/www.santaritadopassaquatro.sp.gov.br\/portal\/wp-json\/wp\/v2\/media\/6627"}],"wp:attachment":[{"href":"https:\/\/www.santaritadopassaquatro.sp.gov.br\/portal\/wp-json\/wp\/v2\/media?parent=6626"}],"wp:term":[{"taxonomy":"category","embeddable":true,"href":"https:\/\/www.santaritadopassaquatro.sp.gov.br\/portal\/wp-json\/wp\/v2\/categories?post=6626"},{"taxonomy":"post_tag","embeddable":true,"href":"https:\/\/www.santaritadopassaquatro.sp.gov.br\/portal\/wp-json\/wp\/v2\/tags?post=6626"}],"curies":[{"name":"wp","href":"https:\/\/api.w.org\/{rel}","templated":true}]}}