{"id":6640,"date":"2022-07-13T09:42:05","date_gmt":"2022-07-13T12:42:05","guid":{"rendered":"http:\/\/www.santaritadopassaquatro.sp.gov.br\/portal\/?p=6640"},"modified":"2022-07-13T09:42:05","modified_gmt":"2022-07-13T12:42:05","slug":"copa-de-futebol-de-campo-nelson-afif-cury-dine","status":"publish","type":"post","link":"https:\/\/www.santaritadopassaquatro.sp.gov.br\/portal\/copa-de-futebol-de-campo-nelson-afif-cury-dine\/","title":{"rendered":"COPA DE FUTEBOL DE CAMPO NELSON AFIF CURY \u2013 DIN\u00c9"},"content":{"rendered":"<p>A Prefeitura Municipal de Santa Rita do Passa Quatro, atrav\u00e9s do Departamento de Turismo, Esportes, Cultura e Lazer, anuncia a abertura das inscri\u00e7\u00f5es para a Primeira Copa de Futebol Nelson Afif Cury \u2013 Din\u00e9.<br \/>\nA previs\u00e3o para o in\u00edcio do campeonato \u00e9 para a segunda quinzena de agosto, mas voc\u00ea j\u00e1 pode se inscrever presencialmente no Gin\u00e1sio Celso Sintoni.<br \/>\nPara mais informa\u00e7\u00f5es, entre em contato pelo telefone (19) 3582-4622<\/p>\n","protected":false},"excerpt":{"rendered":"<p>A Prefeitura Municipal de Santa Rita do Passa Quatro, atrav\u00e9s do Departamento de Turismo, Esportes, Cultura e Lazer, anuncia a<\/p>\n","protected":false},"author":1,"featured_media":6641,"comment_status":"closed","ping_status":"open","sticky":false,"template":"","format":"standard","meta":{"footnotes":""},"categories":[51,60],"tags":[],"class_list":["post-6640","post","type-post","status-publish","format-standard","has-post-thumbnail","hentry","category-sports","category-turismo"],"_links":{"self":[{"href":"https:\/\/www.santaritadopassaquatro.sp.gov.br\/portal\/wp-json\/wp\/v2\/posts\/6640","targetHints":{"allow":["GET"]}}],"collection":[{"href":"https:\/\/www.santaritadopassaquatro.sp.gov.br\/portal\/wp-json\/wp\/v2\/posts"}],"about":[{"href":"https:\/\/www.santaritadopassaquatro.sp.gov.br\/portal\/wp-json\/wp\/v2\/types\/post"}],"author":[{"embeddable":true,"href":"https:\/\/www.santaritadopassaquatro.sp.gov.br\/portal\/wp-json\/wp\/v2\/users\/1"}],"replies":[{"embeddable":true,"href":"https:\/\/www.santaritadopassaquatro.sp.gov.br\/portal\/wp-json\/wp\/v2\/comments?post=6640"}],"version-history":[{"count":1,"href":"https:\/\/www.santaritadopassaquatro.sp.gov.br\/portal\/wp-json\/wp\/v2\/posts\/6640\/revisions"}],"predecessor-version":[{"id":6642,"href":"https:\/\/www.santaritadopassaquatro.sp.gov.br\/portal\/wp-json\/wp\/v2\/posts\/6640\/revisions\/6642"}],"wp:featuredmedia":[{"embeddable":true,"href":"https:\/\/www.santaritadopassaquatro.sp.gov.br\/portal\/wp-json\/wp\/v2\/media\/6641"}],"wp:attachment":[{"href":"https:\/\/www.santaritadopassaquatro.sp.gov.br\/portal\/wp-json\/wp\/v2\/media?parent=6640"}],"wp:term":[{"taxonomy":"category","embeddable":true,"href":"https:\/\/www.santaritadopassaquatro.sp.gov.br\/portal\/wp-json\/wp\/v2\/categories?post=6640"},{"taxonomy":"post_tag","embeddable":true,"href":"https:\/\/www.santaritadopassaquatro.sp.gov.br\/portal\/wp-json\/wp\/v2\/tags?post=6640"}],"curies":[{"name":"wp","href":"https:\/\/api.w.org\/{rel}","templated":true}]}}